{"id":6698,"date":"2024-07-20T03:20:52","date_gmt":"2024-07-20T03:20:52","guid":{"rendered":"https:\/\/radiogjilani.com\/index.php\/2024\/07\/20\/mbi-3-mije-qytetare-konvertojne-patente-shoferet-ne-rks\/"},"modified":"2024-07-20T03:20:52","modified_gmt":"2024-07-20T03:20:52","slug":"mbi-3-mije-qytetare-konvertojne-patente-shoferet-ne-rks","status":"publish","type":"post","link":"https:\/\/radiogjilani.com\/index.php\/2024\/07\/20\/mbi-3-mije-qytetare-konvertojne-patente-shoferet-ne-rks\/","title":{"rendered":"Mbi 3 mij\u00eb qytetar\u00eb konvertojn\u00eb patent\u00eb shofer\u00ebt n\u00eb RKS"},"content":{"rendered":"<p>Mbi 3 mij\u00eb k\u00ebrkesa jan\u00eb b\u00ebr\u00eb deri tani p\u00ebr konvertimin e patent\u00eb shofer\u00ebve ilegal\u00eb serb\u00eb n\u00eb patent\u00eb shofer\u00eb legal t\u00eb Kosov\u00ebs.<\/p>\n<p>Lajmin e ka b\u00ebr\u00eb t\u00eb ditur z\u00ebdh\u00ebn\u00ebsi i Policis\u00eb s\u00eb Kosov\u00ebs p\u00ebr rajonin e Veriut, Veton Elshani, n\u00eb nj\u00eb p\u00ebrgjigje me shkrim p\u00ebr Albanian Post.<\/p>\n<p>\u201cSipas t\u00eb dh\u00ebnave deri tani jan\u00eb 3 mij\u00eb e 223 qytetar\u00eb q\u00eb kan\u00eb k\u00ebrkuar t\u00eb b\u00ebjn\u00eb konvertimin e patent\u00eb shofer\u00ebve\u201d, tha Elshani p\u00ebr AP.<\/p>\n<p><a href=\"https:\/\/albanianpost.com\/nga-9-maji-serbet-mund-te-pajisjen-me-patente-shofere-rks\/\"><strong>M\u00eb 7 maj<\/strong><\/a>, ministria e Pun\u00ebve t\u00eb Brendshme (MPB), kishte marr\u00eb vendim q\u00eb mund\u00ebson kalimin nga patent\u00eb shoferi i l\u00ebshuar nga institucionet jolegale serbe n\u00eb Kosov\u00eb, n\u00eb ato zyrtare t\u00eb Republik\u00ebs s\u00eb Kosov\u00ebs.<\/p>\n<div class=\"iframe-container\"><\/div>\n<p>Kryeministri i Kosov\u00ebs Albin Kurti, sqaroi se vendimi hyn n\u00eb fuqi m\u00eb dat\u00ebn 9 maj dhe \u00ebsht\u00eb valid deri m\u00eb dat\u00ebn 9 gusht t\u00eb 2024-s\u00eb.<\/p>\n<p>Ai ka b\u00ebr\u00eb thirrje q\u00eb n\u00eb afat sa m\u00eb t\u00eb shkurt\u00ebr komuniteti serb t\u00eb aplikoj\u00eb p\u00ebr t\u00eb realizuar t\u00eb drejt\u00ebn.<\/p>\n<p>Ky vendim ishte mir\u00ebpritur nga<a href=\"https:\/\/albanianpost.com\/mbreteria-e-bashkuar-mirepret-vendimin-qe-serbet-te-pajisen-me-patente-shofere-rks-nisme-e-rendesishme-per-ta-mbeshtetur-integrimin\/\"><strong>\u00a0Ambasada e Mbret\u00ebris\u00eb s\u00eb Bashkuar<\/strong><\/a>\u00a0dhe e Gjermanis\u00eb.<\/p>\n<p>The post <a rel=\"nofollow\" href=\"https:\/\/albanianpost.com\/mbi-3-mije-qytetare-konvertojne-patente-shoferet-ne-rks\/\">Mbi 3 mij\u00eb qytetar\u00eb konvertojn\u00eb patent\u00eb shofer\u00ebt n\u00eb RKS<\/a> appeared first on <a rel=\"nofollow\" href=\"https:\/\/albanianpost.com\/\">Albanian Post<\/a>.<\/p>\n","protected":false},"excerpt":{"rendered":"<p>Mbi 3 mij\u00eb k\u00ebrkesa jan\u00eb b\u00ebr\u00eb deri tani p\u00ebr konvertimin e patent\u00eb shofer\u00ebve ilegal\u00eb serb\u00eb n\u00eb patent\u00eb shofer\u00eb legal t\u00eb Kosov\u00ebs. Lajmin e ka b\u00ebr\u00eb t\u00eb ditur z\u00ebdh\u00ebn\u00ebsi i Policis\u00eb s\u00eb Kosov\u00ebs p\u00ebr rajonin e Veriut, Veton Elshani, n\u00eb nj\u00eb p\u00ebrgjigje me shkrim p\u00ebr Albanian Post. \u201cSipas t\u00eb dh\u00ebnave deri tani jan\u00eb 3 mij\u00eb e [&hellip;]<\/p>\n","protected":false},"author":1,"featured_media":6699,"comment_status":"open","ping_status":"open","sticky":false,"template":"","format":"standard","meta":{"footnotes":""},"categories":[1],"tags":[],"class_list":["post-6698","post","type-post","status-publish","format-standard","has-post-thumbnail","hentry","category-uncategorized"],"_links":{"self":[{"href":"https:\/\/radiogjilani.com\/index.php\/wp-json\/wp\/v2\/posts\/6698","targetHints":{"allow":["GET"]}}],"collection":[{"href":"https:\/\/radiogjilani.com\/index.php\/wp-json\/wp\/v2\/posts"}],"about":[{"href":"https:\/\/radiogjilani.com\/index.php\/wp-json\/wp\/v2\/types\/post"}],"author":[{"embeddable":true,"href":"https:\/\/radiogjilani.com\/index.php\/wp-json\/wp\/v2\/users\/1"}],"replies":[{"embeddable":true,"href":"https:\/\/radiogjilani.com\/index.php\/wp-json\/wp\/v2\/comments?post=6698"}],"version-history":[{"count":0,"href":"https:\/\/radiogjilani.com\/index.php\/wp-json\/wp\/v2\/posts\/6698\/revisions"}],"wp:featuredmedia":[{"embeddable":true,"href":"https:\/\/radiogjilani.com\/index.php\/wp-json\/wp\/v2\/media\/6699"}],"wp:attachment":[{"href":"https:\/\/radiogjilani.com\/index.php\/wp-json\/wp\/v2\/media?parent=6698"}],"wp:term":[{"taxonomy":"category","embeddable":true,"href":"https:\/\/radiogjilani.com\/index.php\/wp-json\/wp\/v2\/categories?post=6698"},{"taxonomy":"post_tag","embeddable":true,"href":"https:\/\/radiogjilani.com\/index.php\/wp-json\/wp\/v2\/tags?post=6698"}],"curies":[{"name":"wp","href":"https:\/\/api.w.org\/{rel}","templated":true}]}}