{"id":678,"date":"2024-04-05T18:10:41","date_gmt":"2024-04-05T18:10:41","guid":{"rendered":"https:\/\/radiogjilani.com\/index.php\/2024\/04\/05\/disa-te-rinje-ne-lipjan-i-demtojne-qellimshem-uleset-ne-fusha-te-sportit-reagon-edhe-kryetari-i-komunes\/"},"modified":"2024-04-05T18:10:41","modified_gmt":"2024-04-05T18:10:41","slug":"disa-te-rinje-ne-lipjan-i-demtojne-qellimshem-uleset-ne-fusha-te-sportit-reagon-edhe-kryetari-i-komunes","status":"publish","type":"post","link":"https:\/\/radiogjilani.com\/index.php\/2024\/04\/05\/disa-te-rinje-ne-lipjan-i-demtojne-qellimshem-uleset-ne-fusha-te-sportit-reagon-edhe-kryetari-i-komunes\/","title":{"rendered":"Disa t\u00eb rinj\u00eb n\u00eb Lipjan i d\u00ebmtojn\u00eb q\u00ebllimsh\u00ebm ul\u00ebset n\u00eb fusha t\u00eb sportit, reagon edhe kryetari i komun\u00ebs"},"content":{"rendered":"<p>Nj\u00eb video \u00ebsht\u00eb publikuar nga faqja zyrtare e komun\u00ebs s\u00eb Lipjanit, e ku shihen disa t\u00eb rinj duke d\u00ebmtuar q\u00ebllimsh\u00ebm ul\u00ebset n\u00eb fusha t\u00eb sportit n\u00eb k\u00ebt\u00eb komun\u00eb. P\u00ebr k\u00ebt\u00eb rast ka reaguar edhe kryetari i komun\u00ebs Imri Ahmeti. Ai tha se kjo \u00ebsht\u00eb nj\u00eb sjellje e papranushme dhe q\u00eb duhet t\u00eb d\u00ebnohet. \u201cT\u00eb nderuar qytetar\u00eb, ruajtja e aseteve publike dhe investimeve publike \u00ebsht\u00eb detyr\u00eb e t\u00eb gjith\u00eb neve.<\/p>\n<p><a href=\"https:\/\/ekonomiaonline.com\/disa-te-rinje-ne-lipjan-i-demtojne-qellimshem-uleset-ne-fusha-te-sportit-reagon-edhe-kryetari-i-komunes\/\" rel=\"nofollow\">Source<\/a><\/p>\n","protected":false},"excerpt":{"rendered":"<p>Nj\u00eb video \u00ebsht\u00eb publikuar nga faqja zyrtare e komun\u00ebs s\u00eb Lipjanit, e ku shihen disa t\u00eb rinj duke d\u00ebmtuar q\u00ebllimsh\u00ebm ul\u00ebset n\u00eb fusha t\u00eb sportit n\u00eb k\u00ebt\u00eb komun\u00eb. P\u00ebr k\u00ebt\u00eb rast ka reaguar edhe kryetari i komun\u00ebs Imri Ahmeti. Ai tha se kjo \u00ebsht\u00eb nj\u00eb sjellje e papranushme dhe q\u00eb duhet t\u00eb d\u00ebnohet. \u201cT\u00eb nderuar [&hellip;]<\/p>\n","protected":false},"author":1,"featured_media":679,"comment_status":"open","ping_status":"open","sticky":false,"template":"","format":"standard","meta":{"footnotes":""},"categories":[19],"tags":[],"class_list":["post-678","post","type-post","status-publish","format-standard","has-post-thumbnail","hentry","category-eko"],"_links":{"self":[{"href":"https:\/\/radiogjilani.com\/index.php\/wp-json\/wp\/v2\/posts\/678","targetHints":{"allow":["GET"]}}],"collection":[{"href":"https:\/\/radiogjilani.com\/index.php\/wp-json\/wp\/v2\/posts"}],"about":[{"href":"https:\/\/radiogjilani.com\/index.php\/wp-json\/wp\/v2\/types\/post"}],"author":[{"embeddable":true,"href":"https:\/\/radiogjilani.com\/index.php\/wp-json\/wp\/v2\/users\/1"}],"replies":[{"embeddable":true,"href":"https:\/\/radiogjilani.com\/index.php\/wp-json\/wp\/v2\/comments?post=678"}],"version-history":[{"count":0,"href":"https:\/\/radiogjilani.com\/index.php\/wp-json\/wp\/v2\/posts\/678\/revisions"}],"wp:featuredmedia":[{"embeddable":true,"href":"https:\/\/radiogjilani.com\/index.php\/wp-json\/wp\/v2\/media\/679"}],"wp:attachment":[{"href":"https:\/\/radiogjilani.com\/index.php\/wp-json\/wp\/v2\/media?parent=678"}],"wp:term":[{"taxonomy":"category","embeddable":true,"href":"https:\/\/radiogjilani.com\/index.php\/wp-json\/wp\/v2\/categories?post=678"},{"taxonomy":"post_tag","embeddable":true,"href":"https:\/\/radiogjilani.com\/index.php\/wp-json\/wp\/v2\/tags?post=678"}],"curies":[{"name":"wp","href":"https:\/\/api.w.org\/{rel}","templated":true}]}}