{"id":6792,"date":"2024-07-22T05:19:25","date_gmt":"2024-07-22T05:19:25","guid":{"rendered":"https:\/\/radiogjilani.com\/index.php\/2024\/07\/22\/kamala-harris-jam-e-nderuar-nga-miratimi-i-presidentit\/"},"modified":"2024-07-22T05:19:25","modified_gmt":"2024-07-22T05:19:25","slug":"kamala-harris-jam-e-nderuar-nga-miratimi-i-presidentit","status":"publish","type":"post","link":"https:\/\/radiogjilani.com\/index.php\/2024\/07\/22\/kamala-harris-jam-e-nderuar-nga-miratimi-i-presidentit\/","title":{"rendered":"Kamala Harris: Jam e nderuar nga miratimi i presidentit"},"content":{"rendered":"<p>Z\u00ebvend\u00ebspresidentja amerikane, Kamala Harris, reagoi ndaj miratimit t\u00eb Joe Biden duke th\u00ebn\u00eb se ajo ishte \u201ce nderuar q\u00eb kishte miratimin e presidentit\u201d.<\/p>\n<p>\u201cQ\u00ebllimi im \u2013 shtoi ajo\u2013 \u00ebsht\u00eb t\u00eb marr k\u00ebt\u00eb nominim\u201d.<\/p>\n<p>N\u00eb deklarat\u00ebn e tij, presidenti Biden fal\u00ebnderoi z\u00ebvend\u00ebspresidenten e tij Kamala Harris, duke th\u00ebn\u00eb se ajo ishte nj\u00eb \u201cpartnere e jasht\u00ebzakonshme\u201d.<\/p>\n<p>\u201cDhe m\u00eb lejoni t\u00eb shpreh vler\u00ebsimin tim t\u00eb p\u00ebrzem\u00ebrt p\u00ebr popullin amerikan p\u00ebr besimin dhe besimin q\u00eb keni dh\u00ebn\u00eb tek un\u00eb\u201d, shtoi deklarata e tij.<\/p>\n<div class=\"iframe-container\"><\/div>\n<p>Ai shkroi se do t\u2019i drejtohej kombit p\u00ebr k\u00ebt\u00eb \u00e7\u00ebshtje jav\u00ebn e ardhshme.<\/p>\n<p>Jav\u00ebn e kaluar ai u kthye n\u00eb sht\u00ebpin\u00eb e tij n\u00eb Delaware pasi u diagnostikua me Covid, por tha t\u00eb Premten se mezi priste \u201ct\u00eb kthehej n\u00eb gjurm\u00ebt e fushat\u00ebs jav\u00ebn e ardhshme\u201d.<\/p>\n<p>The post <a rel=\"nofollow\" href=\"https:\/\/albanianpost.com\/kamala-harris-jam-e-nderuar-nga-miratimi-i-presidentit\/\">Kamala Harris: Jam e nderuar nga miratimi i presidentit<\/a> appeared first on <a rel=\"nofollow\" href=\"https:\/\/albanianpost.com\/\">Albanian Post<\/a>.<\/p>\n","protected":false},"excerpt":{"rendered":"<p>Z\u00ebvend\u00ebspresidentja amerikane, Kamala Harris, reagoi ndaj miratimit t\u00eb Joe Biden duke th\u00ebn\u00eb se ajo ishte \u201ce nderuar q\u00eb kishte miratimin e presidentit\u201d. \u201cQ\u00ebllimi im \u2013 shtoi ajo\u2013 \u00ebsht\u00eb t\u00eb marr k\u00ebt\u00eb nominim\u201d. N\u00eb deklarat\u00ebn e tij, presidenti Biden fal\u00ebnderoi z\u00ebvend\u00ebspresidenten e tij Kamala Harris, duke th\u00ebn\u00eb se ajo ishte nj\u00eb \u201cpartnere e jasht\u00ebzakonshme\u201d. \u201cDhe m\u00eb [&hellip;]<\/p>\n","protected":false},"author":1,"featured_media":6793,"comment_status":"open","ping_status":"open","sticky":false,"template":"","format":"standard","meta":{"footnotes":""},"categories":[1],"tags":[],"class_list":["post-6792","post","type-post","status-publish","format-standard","has-post-thumbnail","hentry","category-uncategorized"],"_links":{"self":[{"href":"https:\/\/radiogjilani.com\/index.php\/wp-json\/wp\/v2\/posts\/6792","targetHints":{"allow":["GET"]}}],"collection":[{"href":"https:\/\/radiogjilani.com\/index.php\/wp-json\/wp\/v2\/posts"}],"about":[{"href":"https:\/\/radiogjilani.com\/index.php\/wp-json\/wp\/v2\/types\/post"}],"author":[{"embeddable":true,"href":"https:\/\/radiogjilani.com\/index.php\/wp-json\/wp\/v2\/users\/1"}],"replies":[{"embeddable":true,"href":"https:\/\/radiogjilani.com\/index.php\/wp-json\/wp\/v2\/comments?post=6792"}],"version-history":[{"count":0,"href":"https:\/\/radiogjilani.com\/index.php\/wp-json\/wp\/v2\/posts\/6792\/revisions"}],"wp:featuredmedia":[{"embeddable":true,"href":"https:\/\/radiogjilani.com\/index.php\/wp-json\/wp\/v2\/media\/6793"}],"wp:attachment":[{"href":"https:\/\/radiogjilani.com\/index.php\/wp-json\/wp\/v2\/media?parent=6792"}],"wp:term":[{"taxonomy":"category","embeddable":true,"href":"https:\/\/radiogjilani.com\/index.php\/wp-json\/wp\/v2\/categories?post=6792"},{"taxonomy":"post_tag","embeddable":true,"href":"https:\/\/radiogjilani.com\/index.php\/wp-json\/wp\/v2\/tags?post=6792"}],"curies":[{"name":"wp","href":"https:\/\/api.w.org\/{rel}","templated":true}]}}