{"id":6816,"date":"2024-07-23T05:20:10","date_gmt":"2024-07-23T05:20:10","guid":{"rendered":"https:\/\/radiogjilani.com\/index.php\/2024\/07\/23\/agk-ja-denoncon-fushaten-e-rrezikshme-akuzuese-te-deputeteve-te-vv-se-kunder-periskopit-dhe-nacionales\/"},"modified":"2024-07-23T05:20:10","modified_gmt":"2024-07-23T05:20:10","slug":"agk-ja-denoncon-fushaten-e-rrezikshme-akuzuese-te-deputeteve-te-vv-se-kunder-periskopit-dhe-nacionales","status":"publish","type":"post","link":"https:\/\/radiogjilani.com\/index.php\/2024\/07\/23\/agk-ja-denoncon-fushaten-e-rrezikshme-akuzuese-te-deputeteve-te-vv-se-kunder-periskopit-dhe-nacionales\/","title":{"rendered":"AGK-ja denoncon fushat\u00ebn e rrezikshme akuzuese t\u00eb deputet\u00ebve t\u00eb VV-s\u00eb kund\u00ebr \u201cPeriskopit\u201d dhe \u201cNacionales\u201d"},"content":{"rendered":"<p>Asociacioni i Gazetar\u00ebve t\u00eb Kosov\u00ebs (AGK) \u00ebsht\u00eb i alarmuar me fushat\u00ebn e re t\u00eb L\u00ebvizjes Vet\u00ebvendosje kund\u00ebr medieve n\u00eb Kosov\u00eb. Deputet\u00ebt Sali Zyba dhe Dimal Basha kan\u00eb shp\u00ebrndar\u00eb nj\u00eb artikull t\u00eb nj\u00eb mediumi t\u00eb quajtur \u201cSlobodna Bosna\u201d (shqip: Bosnja e Lir\u00eb), n\u00ebp\u00ebrmjet t\u00eb cilit ata akuzojn\u00eb medie n\u00eb Kosov\u00eb q\u00eb, sipas tyre, \u201cjan\u00eb n\u00ebn kontroll t\u00eb Serbis\u00eb dhe Vu\u00e7iqit\u201d. Deputeti Zyba n\u00eb nj\u00eb status n\u00eb&#8230;<\/p>\n<p><a href=\"https:\/\/ekonomiaonline.com\/agk-ja-denoncon-fushaten-e-rrezikshme-akuzuese-te-deputeteve-te-vv-se-kunder-periskopit-dhe-nacionales\/\" rel=\"nofollow\">Source<\/a><\/p>\n","protected":false},"excerpt":{"rendered":"<p>Asociacioni i Gazetar\u00ebve t\u00eb Kosov\u00ebs (AGK) \u00ebsht\u00eb i alarmuar me fushat\u00ebn e re t\u00eb L\u00ebvizjes Vet\u00ebvendosje kund\u00ebr medieve n\u00eb Kosov\u00eb. Deputet\u00ebt Sali Zyba dhe Dimal Basha kan\u00eb shp\u00ebrndar\u00eb nj\u00eb artikull t\u00eb nj\u00eb mediumi t\u00eb quajtur \u201cSlobodna Bosna\u201d (shqip: Bosnja e Lir\u00eb), n\u00ebp\u00ebrmjet t\u00eb cilit ata akuzojn\u00eb medie n\u00eb Kosov\u00eb q\u00eb, sipas tyre, \u201cjan\u00eb n\u00ebn kontroll [&hellip;]<\/p>\n","protected":false},"author":1,"featured_media":6817,"comment_status":"open","ping_status":"open","sticky":false,"template":"","format":"standard","meta":{"footnotes":""},"categories":[19],"tags":[],"class_list":["post-6816","post","type-post","status-publish","format-standard","has-post-thumbnail","hentry","category-eko"],"_links":{"self":[{"href":"https:\/\/radiogjilani.com\/index.php\/wp-json\/wp\/v2\/posts\/6816","targetHints":{"allow":["GET"]}}],"collection":[{"href":"https:\/\/radiogjilani.com\/index.php\/wp-json\/wp\/v2\/posts"}],"about":[{"href":"https:\/\/radiogjilani.com\/index.php\/wp-json\/wp\/v2\/types\/post"}],"author":[{"embeddable":true,"href":"https:\/\/radiogjilani.com\/index.php\/wp-json\/wp\/v2\/users\/1"}],"replies":[{"embeddable":true,"href":"https:\/\/radiogjilani.com\/index.php\/wp-json\/wp\/v2\/comments?post=6816"}],"version-history":[{"count":0,"href":"https:\/\/radiogjilani.com\/index.php\/wp-json\/wp\/v2\/posts\/6816\/revisions"}],"wp:featuredmedia":[{"embeddable":true,"href":"https:\/\/radiogjilani.com\/index.php\/wp-json\/wp\/v2\/media\/6817"}],"wp:attachment":[{"href":"https:\/\/radiogjilani.com\/index.php\/wp-json\/wp\/v2\/media?parent=6816"}],"wp:term":[{"taxonomy":"category","embeddable":true,"href":"https:\/\/radiogjilani.com\/index.php\/wp-json\/wp\/v2\/categories?post=6816"},{"taxonomy":"post_tag","embeddable":true,"href":"https:\/\/radiogjilani.com\/index.php\/wp-json\/wp\/v2\/tags?post=6816"}],"curies":[{"name":"wp","href":"https:\/\/api.w.org\/{rel}","templated":true}]}}