{"id":682,"date":"2024-04-05T18:10:39","date_gmt":"2024-04-05T18:10:39","guid":{"rendered":"https:\/\/radiogjilani.com\/index.php\/2024\/04\/05\/osmani-emeron-learta-hollajn-shefe-te-stafit\/"},"modified":"2024-04-05T18:10:39","modified_gmt":"2024-04-05T18:10:39","slug":"osmani-emeron-learta-hollajn-shefe-te-stafit","status":"publish","type":"post","link":"https:\/\/radiogjilani.com\/index.php\/2024\/04\/05\/osmani-emeron-learta-hollajn-shefe-te-stafit\/","title":{"rendered":"Osmani em\u00ebron Learta Hollajn shefe t\u00eb stafit"},"content":{"rendered":"<p>Presidentja e Republik\u00ebs s\u00eb Kosov\u00ebs, Vjosa Osmani, ka em\u00ebruar Shefe t\u00eb Stafit, Learta Hollajn, e cila deri tani ka mbajtur postin e z\u00ebvend\u00ebsshefes s\u00eb Stafit t\u00eb presidentes. Learta Hollaj i \u00ebsht\u00eb bashkuar ekipit t\u00eb Osmanit kat\u00ebr vjet m\u00eb par\u00eb, fillimisht si k\u00ebshilltare e kryetares s\u00eb Kuvendit t\u00eb Kosov\u00ebs, e pastaj si z\u00ebvend\u00ebs shefe e stafit t\u00eb presidentes, thuhet n\u00eb njoftimin e presidenc\u00ebs&#8230;<\/p>\n<p><a href=\"https:\/\/ekonomiaonline.com\/osmani-emeron-learta-hollajn-shefe-te-stafit\/\" rel=\"nofollow\">Source<\/a><\/p>\n","protected":false},"excerpt":{"rendered":"<p>Presidentja e Republik\u00ebs s\u00eb Kosov\u00ebs, Vjosa Osmani, ka em\u00ebruar Shefe t\u00eb Stafit, Learta Hollajn, e cila deri tani ka mbajtur postin e z\u00ebvend\u00ebsshefes s\u00eb Stafit t\u00eb presidentes. Learta Hollaj i \u00ebsht\u00eb bashkuar ekipit t\u00eb Osmanit kat\u00ebr vjet m\u00eb par\u00eb, fillimisht si k\u00ebshilltare e kryetares s\u00eb Kuvendit t\u00eb Kosov\u00ebs, e pastaj si z\u00ebvend\u00ebs shefe e stafit [&hellip;]<\/p>\n","protected":false},"author":1,"featured_media":683,"comment_status":"open","ping_status":"open","sticky":false,"template":"","format":"standard","meta":{"footnotes":""},"categories":[19],"tags":[],"class_list":["post-682","post","type-post","status-publish","format-standard","has-post-thumbnail","hentry","category-eko"],"_links":{"self":[{"href":"https:\/\/radiogjilani.com\/index.php\/wp-json\/wp\/v2\/posts\/682","targetHints":{"allow":["GET"]}}],"collection":[{"href":"https:\/\/radiogjilani.com\/index.php\/wp-json\/wp\/v2\/posts"}],"about":[{"href":"https:\/\/radiogjilani.com\/index.php\/wp-json\/wp\/v2\/types\/post"}],"author":[{"embeddable":true,"href":"https:\/\/radiogjilani.com\/index.php\/wp-json\/wp\/v2\/users\/1"}],"replies":[{"embeddable":true,"href":"https:\/\/radiogjilani.com\/index.php\/wp-json\/wp\/v2\/comments?post=682"}],"version-history":[{"count":0,"href":"https:\/\/radiogjilani.com\/index.php\/wp-json\/wp\/v2\/posts\/682\/revisions"}],"wp:featuredmedia":[{"embeddable":true,"href":"https:\/\/radiogjilani.com\/index.php\/wp-json\/wp\/v2\/media\/683"}],"wp:attachment":[{"href":"https:\/\/radiogjilani.com\/index.php\/wp-json\/wp\/v2\/media?parent=682"}],"wp:term":[{"taxonomy":"category","embeddable":true,"href":"https:\/\/radiogjilani.com\/index.php\/wp-json\/wp\/v2\/categories?post=682"},{"taxonomy":"post_tag","embeddable":true,"href":"https:\/\/radiogjilani.com\/index.php\/wp-json\/wp\/v2\/tags?post=682"}],"curies":[{"name":"wp","href":"https:\/\/api.w.org\/{rel}","templated":true}]}}