{"id":6942,"date":"2024-07-25T06:26:24","date_gmt":"2024-07-25T06:26:24","guid":{"rendered":"https:\/\/radiogjilani.com\/index.php\/2024\/07\/25\/zyrtarisht-rikthehet-trendi-me-i-perfolur-i-te-90-ve\/"},"modified":"2024-07-25T06:26:24","modified_gmt":"2024-07-25T06:26:24","slug":"zyrtarisht-rikthehet-trendi-me-i-perfolur-i-te-90-ve","status":"publish","type":"post","link":"https:\/\/radiogjilani.com\/index.php\/2024\/07\/25\/zyrtarisht-rikthehet-trendi-me-i-perfolur-i-te-90-ve\/","title":{"rendered":"Zyrtarisht rikthehet trendi m\u00eb i p\u00ebrfolur i t\u00eb 90-ve"},"content":{"rendered":"<p>Vath n\u00eb k\u00ebrthiz\u00eb, xhinse t\u00eb shkurtra dhe flok\u00eb me ngjyra interesante, jan\u00eb disa prej gj\u00ebrave q\u00eb kan\u00eb p\u00ebrfaq\u00ebsuar vitet e 90\u2019ta. Shum\u00eb vajza \u00ebnd\u00ebrronin p\u00ebr dukjen e Britney Spears. Kjo koh\u00eb u karakterizua edhe me stilin e vetullave tejet t\u00eb holla, gj\u00eb q\u00eb \u00ebsht\u00eb mir\u00eb q\u00eb ka ngelur n\u00eb t\u00eb kaluar\u00ebn! Megjithat\u00eb ka di\u00e7ka nga kjo koh\u00eb q\u00eb po p\u00ebrjeton nj\u00eb rikthim n\u00eb pasarelat e mod\u00ebs e dukjet e yjeve bot\u00ebrore&#8230;<\/p>\n<p><a href=\"https:\/\/ekonomiaonline.com\/zyrtarisht-rikthehet-trendi-me-i-perfolur-i-te-90-ve\/\" rel=\"nofollow\">Source<\/a><\/p>\n","protected":false},"excerpt":{"rendered":"<p>Vath n\u00eb k\u00ebrthiz\u00eb, xhinse t\u00eb shkurtra dhe flok\u00eb me ngjyra interesante, jan\u00eb disa prej gj\u00ebrave q\u00eb kan\u00eb p\u00ebrfaq\u00ebsuar vitet e 90\u2019ta. Shum\u00eb vajza \u00ebnd\u00ebrronin p\u00ebr dukjen e Britney Spears. Kjo koh\u00eb u karakterizua edhe me stilin e vetullave tejet t\u00eb holla, gj\u00eb q\u00eb \u00ebsht\u00eb mir\u00eb q\u00eb ka ngelur n\u00eb t\u00eb kaluar\u00ebn! Megjithat\u00eb ka di\u00e7ka nga [&hellip;]<\/p>\n","protected":false},"author":1,"featured_media":6943,"comment_status":"open","ping_status":"open","sticky":false,"template":"","format":"standard","meta":{"footnotes":""},"categories":[19],"tags":[],"class_list":["post-6942","post","type-post","status-publish","format-standard","has-post-thumbnail","hentry","category-eko"],"_links":{"self":[{"href":"https:\/\/radiogjilani.com\/index.php\/wp-json\/wp\/v2\/posts\/6942","targetHints":{"allow":["GET"]}}],"collection":[{"href":"https:\/\/radiogjilani.com\/index.php\/wp-json\/wp\/v2\/posts"}],"about":[{"href":"https:\/\/radiogjilani.com\/index.php\/wp-json\/wp\/v2\/types\/post"}],"author":[{"embeddable":true,"href":"https:\/\/radiogjilani.com\/index.php\/wp-json\/wp\/v2\/users\/1"}],"replies":[{"embeddable":true,"href":"https:\/\/radiogjilani.com\/index.php\/wp-json\/wp\/v2\/comments?post=6942"}],"version-history":[{"count":0,"href":"https:\/\/radiogjilani.com\/index.php\/wp-json\/wp\/v2\/posts\/6942\/revisions"}],"wp:featuredmedia":[{"embeddable":true,"href":"https:\/\/radiogjilani.com\/index.php\/wp-json\/wp\/v2\/media\/6943"}],"wp:attachment":[{"href":"https:\/\/radiogjilani.com\/index.php\/wp-json\/wp\/v2\/media?parent=6942"}],"wp:term":[{"taxonomy":"category","embeddable":true,"href":"https:\/\/radiogjilani.com\/index.php\/wp-json\/wp\/v2\/categories?post=6942"},{"taxonomy":"post_tag","embeddable":true,"href":"https:\/\/radiogjilani.com\/index.php\/wp-json\/wp\/v2\/tags?post=6942"}],"curies":[{"name":"wp","href":"https:\/\/api.w.org\/{rel}","templated":true}]}}