{"id":6970,"date":"2024-07-26T06:35:27","date_gmt":"2024-07-26T06:35:27","guid":{"rendered":"https:\/\/radiogjilani.com\/index.php\/2024\/07\/26\/miftaraj-kurti-dhe-vv-ja-ne-menyre-klasike-dhe-primitive-e-kane-kapur-rtk-ne\/"},"modified":"2024-07-26T06:35:27","modified_gmt":"2024-07-26T06:35:27","slug":"miftaraj-kurti-dhe-vv-ja-ne-menyre-klasike-dhe-primitive-e-kane-kapur-rtk-ne","status":"publish","type":"post","link":"https:\/\/radiogjilani.com\/index.php\/2024\/07\/26\/miftaraj-kurti-dhe-vv-ja-ne-menyre-klasike-dhe-primitive-e-kane-kapur-rtk-ne\/","title":{"rendered":"Miftaraj: Kurti dhe VV-ja n\u00eb m\u00ebnyr\u00eb klasike dhe primitive e kan\u00eb kapur RTK-n\u00eb"},"content":{"rendered":"<p>Pas shkrimit t\u00eb publikuar nga redaktori i RTK-s\u00eb, Jeton Musliu, ka reaguar drejtori i IKD-s\u00eb, Ehat Miftaraj. Mifaraj tha se Albin Kurti dhe LVV-ja n\u00eb m\u00ebnyr\u00eb klasike e kan\u00eb kapur RTK-n\u00eb. \u201cAlbin Kurti dhe LVV erdhen ne pushtet me i \u00e7kap institucionet publike. Albin Kurti dhe LVV n\u00eb menyre klasike dhe primitive e kane kap Radio Televizionin e Kosoves. E dhimbshme me pa se si nje parti politike e&#8230;<\/p>\n<p><a href=\"https:\/\/ekonomiaonline.com\/miftaraj-albin-kurti-dhe-lvv-ja-ne-menyre-klasike-dhe-primitive-e-kane-kap-rtk-ne\/\" rel=\"nofollow\">Source<\/a><\/p>\n","protected":false},"excerpt":{"rendered":"<p>Pas shkrimit t\u00eb publikuar nga redaktori i RTK-s\u00eb, Jeton Musliu, ka reaguar drejtori i IKD-s\u00eb, Ehat Miftaraj. Mifaraj tha se Albin Kurti dhe LVV-ja n\u00eb m\u00ebnyr\u00eb klasike e kan\u00eb kapur RTK-n\u00eb. \u201cAlbin Kurti dhe LVV erdhen ne pushtet me i \u00e7kap institucionet publike. Albin Kurti dhe LVV n\u00eb menyre klasike dhe primitive e kane kap [&hellip;]<\/p>\n","protected":false},"author":1,"featured_media":6971,"comment_status":"open","ping_status":"open","sticky":false,"template":"","format":"standard","meta":{"footnotes":""},"categories":[19],"tags":[],"class_list":["post-6970","post","type-post","status-publish","format-standard","has-post-thumbnail","hentry","category-eko"],"_links":{"self":[{"href":"https:\/\/radiogjilani.com\/index.php\/wp-json\/wp\/v2\/posts\/6970","targetHints":{"allow":["GET"]}}],"collection":[{"href":"https:\/\/radiogjilani.com\/index.php\/wp-json\/wp\/v2\/posts"}],"about":[{"href":"https:\/\/radiogjilani.com\/index.php\/wp-json\/wp\/v2\/types\/post"}],"author":[{"embeddable":true,"href":"https:\/\/radiogjilani.com\/index.php\/wp-json\/wp\/v2\/users\/1"}],"replies":[{"embeddable":true,"href":"https:\/\/radiogjilani.com\/index.php\/wp-json\/wp\/v2\/comments?post=6970"}],"version-history":[{"count":0,"href":"https:\/\/radiogjilani.com\/index.php\/wp-json\/wp\/v2\/posts\/6970\/revisions"}],"wp:featuredmedia":[{"embeddable":true,"href":"https:\/\/radiogjilani.com\/index.php\/wp-json\/wp\/v2\/media\/6971"}],"wp:attachment":[{"href":"https:\/\/radiogjilani.com\/index.php\/wp-json\/wp\/v2\/media?parent=6970"}],"wp:term":[{"taxonomy":"category","embeddable":true,"href":"https:\/\/radiogjilani.com\/index.php\/wp-json\/wp\/v2\/categories?post=6970"},{"taxonomy":"post_tag","embeddable":true,"href":"https:\/\/radiogjilani.com\/index.php\/wp-json\/wp\/v2\/tags?post=6970"}],"curies":[{"name":"wp","href":"https:\/\/api.w.org\/{rel}","templated":true}]}}