{"id":6980,"date":"2024-07-26T06:36:18","date_gmt":"2024-07-26T06:36:18","guid":{"rendered":"https:\/\/radiogjilani.com\/index.php\/2024\/07\/26\/pakti-ps-pd-per-reformen-zgjedhore-kalon-sot-ne-filtrin-e-kuvendit\/"},"modified":"2024-07-26T06:36:18","modified_gmt":"2024-07-26T06:36:18","slug":"pakti-ps-pd-per-reformen-zgjedhore-kalon-sot-ne-filtrin-e-kuvendit","status":"publish","type":"post","link":"https:\/\/radiogjilani.com\/index.php\/2024\/07\/26\/pakti-ps-pd-per-reformen-zgjedhore-kalon-sot-ne-filtrin-e-kuvendit\/","title":{"rendered":"Pakti PS-PD p\u00ebr reform\u00ebn zgjedhore kalon sot n\u00eb filtrin e Kuvendit"},"content":{"rendered":"<p>Ndryshimet n\u00eb Kodin Zgjedhor p\u00ebr mbylljen m\u00eb t\u00eb madhe t\u00eb listave krahasimisht me vitin 2021.<\/p>\n<p>Fokusi i seanc\u00ebs s\u00eb sotme plenare pritet t\u00eb jet\u00eb miratimin i draftit t\u00eb dakord\u00ebsuar mes Partis\u00eb Demokratike dhe Socialiste p\u00ebr Reform\u00ebn Zgjedhore.<\/p>\n<p>Ky i fundit \u00ebsht\u00eb miratuar nga Komisioni parlament i Ligjeve, ku specifikohen vota e diaspor\u00ebs, listat zgjedhore dhe aspekte t\u00eb tjera, si her\u00ebsi p\u00ebr kuotat e nj\u00eb mandati parlamentar.<\/p>\n<p>Megjithat\u00eb, deputet\u00ebt Enkelejd Alibeaj dhe Dashnor Sula, nga radh\u00ebt e demokrat\u00ebve, nuk kan\u00eb qen\u00eb dakord dhe kan\u00eb votuar kund\u00ebr kalimit t\u00eb k\u00ebtij drafti p\u00ebr votim n\u00eb Parlament.<\/p>\n<div class=\"iframe-container\"><\/div>\n<p>Alibeaj ka votuar kund\u00ebr edhe p\u00ebr vot\u00ebn e diaspor\u00ebs, por sqaroi se ky q\u00ebndrim kishte lidhje me faktin se drafti i propozuar i trajtonte shqiptar\u00ebt, t\u00eb cil\u00ebt jetojn\u00eb jasht\u00eb kufijve dhe me t\u00eb drejt\u00eb vote, si \u201ckavie\u201d.<\/p>\n<p>Alibeaj n\u00eb t\u00ebr\u00ebsi e konsideroi draftin si nj\u00eb pazar politik mes Edi Ram\u00ebs dhe Sali Berish\u00ebs.<\/p>\n<p>N\u00eb an\u00ebn tjet\u00ebr Sula ka shprehur kund\u00ebrshti t\u00eb forta lidhur me listat e kandidat\u00ebve, pasi n\u00eb variantin e dakord\u00ebsuar dhe miratuar, 2\/3 e list\u00ebs ishin t\u00eb hapura, por 1\/3, ishte e pandryshuar, \u00e7ka do t\u00eb thot\u00eb se emrat e par\u00eb q\u00eb do t\u00eb renditen n\u00eb listat sipas qarqeve ishin t\u00eb pandryshuar, pavar\u00ebsisht votave preferenciale t\u00eb emrave q\u00eb renditen n\u00eb at\u00eb q\u00eb konsiderohet si pjesa e hapur e list\u00ebs.<\/p>\n<p>Sula tha gjat\u00eb mbledhjes se m\u00ebnyra se si po miratoheshin k\u00ebto ndryshime i kujtonin vitin 2008, koh\u00eb kur brenda nat\u00ebs u miratuan ndryshimet Kushtetuese.<\/p>\n<p>\u00c7far\u00eb p\u00ebrmban drafti?<\/p>\n<p>Partia Socialiste dhe ajo Demokratike kan\u00eb arritur parimisht dakord\u00ebsin\u00eb p\u00ebr nj\u00eb s\u00ebr\u00eb \u00e7\u00ebshtjesh sa i takon Reform\u00ebs Zgjedhore, duke p\u00ebrfshir\u00eb edhe listat pjes\u00ebrisht t\u00eb hapura, vota e diaspor\u00ebs, apo edhe her\u00ebsi p\u00ebr fitimin e mandatit.<\/p>\n<p>Teksa n\u00eb Komisionin e Ligjeve po diskutohet pik\u00ebrisht lidhur me k\u00ebt\u00eb aspekt tejet t\u00eb r\u00ebnd\u00ebsish\u00ebm t\u00eb zgjedhjeve 2025, \u00ebsht\u00eb publikuar edhe nj\u00eb draft paraprak, i cili p\u00ebrshkruan ndryshimet e reja ligjore p\u00ebr zgjedhjet.<\/p>\n<p>Vota e emigrant\u00ebve, ka qen\u00eb prej koh\u00ebsh n\u00eb qend\u00ebr t\u00eb v\u00ebmendjes dhe sa duket, ajo do t\u00eb mund\u00ebsohet m\u00eb n\u00eb fund n\u00eb zgjedhjet e ardhshme parlamentare.<\/p>\n<p>Sipas draftit, \u201ct\u00eb drejt\u00ebn e vot\u00ebs nga jasht\u00eb territorit t\u00eb Republik\u00ebs s\u00eb Shqip\u00ebris\u00eb e ka \u00e7do shtetas shqiptar me t\u00eb drejt\u00eb vote q\u00eb p\u00ebr arsye banimi, pun\u00ebsimi, studimi, kryerje t\u00eb detyrave ushtarake apo arsye sh\u00ebndet\u00ebsore ndodhet jasht\u00eb territorit t\u00eb Republik\u00ebs s\u00eb Shqip\u00ebris\u00eb n\u00eb dat\u00ebn e zgjedhjeve.<\/p>\n<p>Edhe nj\u00eb zgjedh\u00ebs q\u00eb ndodhet jasht\u00eb vendit dhe d\u00ebshiron q\u00eb t\u00eb votoj\u00eb n\u00eb zgjedhjet e radh\u00ebs, p\u00ebr Kuvendin duhet t\u00eb regjistrohet n\u00eb list\u00ebn e zgjedh\u00ebsve jasht\u00eb vendit. Lista e zgjedh\u00ebsve q\u00eb votojn\u00eb nga jasht\u00eb territorit, mjafton q\u00eb t\u00eb aplikoj\u00eb\u00a0p\u00ebr t\u2019u regjistruar dhe mund ta ushtroj\u00eb t\u00eb drejt\u00ebn e tij p\u00ebr t\u00eb votuar.<\/p>\n<p>Vota e \u00e7do shqiptari nga jasht\u00eb do t\u00eb d\u00ebrgohet me post\u00eb n\u00eb adres\u00ebn e Komisionit Qendror t\u00eb Zgjedhjeve dhe aty do t\u00eb p\u00ebrpunohet. Duhet kuptuar megjithat\u00eb cila do t\u00eb jet\u00eb kuota e caktuar p\u00ebr k\u00ebto vota dhe n\u00eb cil\u00ebn zon\u00eb zgjedhore do t\u00eb llogariten.<\/p>\n<p>Listat, nga sa kuptohet, do t\u00eb jen\u00eb t\u00eb ndara n\u00eb dy pjes\u00eb, ku 1\/3 do t\u00eb jen\u00eb lista t\u00eb mbyllura dhe 2\/3 do t\u00eb jen\u00eb t\u00eb hapura, sipas propozimit t\u00eb Partis\u00eb Socialiste. Demokrat\u00ebt kishin k\u00ebrkuar 25% t\u00eb listave t\u00eb mbyllura dhe 75% lista t\u00eb hapura.<\/p>\n<p>Por, me argumentin se do t\u00eb kishte v\u00ebshtir\u00ebsi m\u00eb pas p\u00ebr respektimin e kuotave gjinore, \u00ebsht\u00eb dakord\u00ebsuar propozimi socialist.<\/p>\n<p>Nj\u00eb aspekt tejet me r\u00ebnd\u00ebsi, \u00ebsht\u00eb edhe her\u00ebsi i zgjedhjet dhe marrjes s\u00eb mandatit, i cili sipas draftit propozohet t\u00eb jet\u00eb 7 mij\u00eb vota.<\/p>\n<p>Kjo megjithat\u00eb \u00ebsht\u00eb nj\u00eb pik\u00eb tejet e kontestuar dhe pal\u00ebt mund t\u00eb ken\u00eb p\u00ebrplasje rreth saj ende, pasi p\u00ebrllogaritja e her\u00ebsit b\u00ebhet n\u00eb baz\u00eb t\u00eb qarqeve, por me kuadrin e ri ligjor, pretendohet t\u00eb ket\u00eb nj\u00eb dispozit\u00eb, e cila parasheh kufirin e pragut t\u00eb 7 mij\u00eb votave, p\u00ebr t\u00eb thyer her\u00ebsin.<\/p>\n<p>N\u00eb listat e hapura nd\u00ebrkoh\u00eb, kandidat\u00ebt e list\u00ebs shum\u00ebem\u00ebrore do t\u00eb renditen n\u00eb baz\u00eb t\u00eb numrit t\u00eb votave dhe vet\u00ebm n\u00eb rast barazie t\u00ebr\u00ebsore, at\u00ebher\u00eb do t\u00eb jet\u00eb shorti, ai i cili vendos kush merr mandatin e deputetit.<\/p>\n<p>The post <a rel=\"nofollow\" href=\"https:\/\/albanianpost.com\/pakti-ps-pd-per-reformen-zgjedhore-kalon-sot-ne-filtrin-e-kuvendit\/\">Pakti PS-PD p\u00ebr reform\u00ebn zgjedhore kalon sot n\u00eb filtrin e Kuvendit<\/a> appeared first on <a rel=\"nofollow\" href=\"https:\/\/albanianpost.com\/\">Albanian Post<\/a>.<\/p>\n","protected":false},"excerpt":{"rendered":"<p>Ndryshimet n\u00eb Kodin Zgjedhor p\u00ebr mbylljen m\u00eb t\u00eb madhe t\u00eb listave krahasimisht me vitin 2021. Fokusi i seanc\u00ebs s\u00eb sotme plenare pritet t\u00eb jet\u00eb miratimin i draftit t\u00eb dakord\u00ebsuar mes Partis\u00eb Demokratike dhe Socialiste p\u00ebr Reform\u00ebn Zgjedhore. Ky i fundit \u00ebsht\u00eb miratuar nga Komisioni parlament i Ligjeve, ku specifikohen vota e diaspor\u00ebs, listat zgjedhore dhe [&hellip;]<\/p>\n","protected":false},"author":1,"featured_media":6981,"comment_status":"open","ping_status":"open","sticky":false,"template":"","format":"standard","meta":{"footnotes":""},"categories":[1],"tags":[],"class_list":["post-6980","post","type-post","status-publish","format-standard","has-post-thumbnail","hentry","category-uncategorized"],"_links":{"self":[{"href":"https:\/\/radiogjilani.com\/index.php\/wp-json\/wp\/v2\/posts\/6980","targetHints":{"allow":["GET"]}}],"collection":[{"href":"https:\/\/radiogjilani.com\/index.php\/wp-json\/wp\/v2\/posts"}],"about":[{"href":"https:\/\/radiogjilani.com\/index.php\/wp-json\/wp\/v2\/types\/post"}],"author":[{"embeddable":true,"href":"https:\/\/radiogjilani.com\/index.php\/wp-json\/wp\/v2\/users\/1"}],"replies":[{"embeddable":true,"href":"https:\/\/radiogjilani.com\/index.php\/wp-json\/wp\/v2\/comments?post=6980"}],"version-history":[{"count":0,"href":"https:\/\/radiogjilani.com\/index.php\/wp-json\/wp\/v2\/posts\/6980\/revisions"}],"wp:featuredmedia":[{"embeddable":true,"href":"https:\/\/radiogjilani.com\/index.php\/wp-json\/wp\/v2\/media\/6981"}],"wp:attachment":[{"href":"https:\/\/radiogjilani.com\/index.php\/wp-json\/wp\/v2\/media?parent=6980"}],"wp:term":[{"taxonomy":"category","embeddable":true,"href":"https:\/\/radiogjilani.com\/index.php\/wp-json\/wp\/v2\/categories?post=6980"},{"taxonomy":"post_tag","embeddable":true,"href":"https:\/\/radiogjilani.com\/index.php\/wp-json\/wp\/v2\/tags?post=6980"}],"curies":[{"name":"wp","href":"https:\/\/api.w.org\/{rel}","templated":true}]}}