{"id":6986,"date":"2024-07-26T06:36:15","date_gmt":"2024-07-26T06:36:15","guid":{"rendered":"https:\/\/radiogjilani.com\/index.php\/2024\/07\/26\/shefi-i-ri-i-ushtrise-britanike-le-te-pergatitemi-per-nje-lufte-boterore-brenda-tre-viteve\/"},"modified":"2024-07-26T06:36:15","modified_gmt":"2024-07-26T06:36:15","slug":"shefi-i-ri-i-ushtrise-britanike-le-te-pergatitemi-per-nje-lufte-boterore-brenda-tre-viteve","status":"publish","type":"post","link":"https:\/\/radiogjilani.com\/index.php\/2024\/07\/26\/shefi-i-ri-i-ushtrise-britanike-le-te-pergatitemi-per-nje-lufte-boterore-brenda-tre-viteve\/","title":{"rendered":"Shefi i ri i ushtris\u00eb britanike: Le t\u00eb p\u00ebrgatitemi p\u00ebr nj\u00eb luft\u00eb bot\u00ebrore brenda tre viteve"},"content":{"rendered":"<p>Mbret\u00ebria e Bashkuar duhet t\u00eb jet\u00eb \u201cgati\u201d brenda tre viteve p\u00ebr nj\u00eb luft\u00eb hipotetike me Rusin\u00eb: \u201cjo e pashmangshme\u201d, por jo e p\u00ebrjashtuar, dhe potencialisht e shtrir\u00eb n\u00eb nj\u00eb \u201cbosht t\u00eb supozuar p\u00ebrmbysjeje\u201d globale t\u00eb aft\u00eb p\u00ebr t\u00eb p\u00ebrfshir\u00eb \u2013 p\u00ebrve\u00e7 Mosk\u00ebs \u2013 Kin\u00ebn, Iranin dhe Koren\u00eb e Veriut.<\/p>\n<p>Fjala e gjeneralit Roly Walker, Shef i Shtabit t\u00eb Mbrojtjes Britanike q\u00eb nga janari, i cili foli p\u00ebr k\u00ebt\u00eb n\u00eb nj\u00eb bised\u00eb me gazetar\u00eb t\u00eb akredituar n\u00eb margjinat e nj\u00eb konference.<\/p>\n<p>Ky nuk \u00ebsht\u00eb alarmi i par\u00eb i k\u00ebtij lloji, n\u00eb qarqet ushtarake apo politike britanike dhe per\u00ebndimore, por rrall\u00ebher\u00eb i shprehur n\u00eb m\u00ebnyr\u00eb kaq flagrante nga nj\u00eb oficer i rangut shum\u00eb t\u00eb lart\u00eb n\u00eb sh\u00ebrbim.<\/p>\n<p>N\u00eb k\u00ebt\u00eb rast renditja m\u00eb e lart\u00eb n\u00eb t\u00eb gjitha Forcat e Armatosura t\u00eb Madh\u00ebris\u00eb s\u00eb Saj. Walker tha se ka frik\u00eb se Rusia e Vladimir Putinit \u00ebsht\u00eb e destinuar t\u00eb rikthehet nga lufta n\u00eb Ukrain\u00eb si nj\u00eb vend \u201cshum\u00eb, shum\u00eb i rreziksh\u00ebm\u201d dhe \u201ci uritur p\u00ebr hakmarrje\u201d, pavar\u00ebsisht n\u00ebse fiton apo humbet.<\/p>\n<div class=\"iframe-container\"><\/div>\n<p>Nj\u00eb vend q\u00eb do t\u00eb kthehet duke \u201cvrumbulluat\u201d dhe do t\u00eb p\u00ebrpiqet t\u00eb \u201cnd\u00ebshkoj\u00eb\u201d vendet q\u00eb po mb\u00ebshtesin m\u00eb shum\u00eb Kievin n\u00eb nivel ushtarak si Britania e Madhe. Jo vetem.<\/p>\n<p>Gjenerali m\u00eb pas zgjeroi kufijt\u00eb e skenarit t\u00eb tij hipotetik apokaliptik, duke rritur frik\u00ebn e nj\u00eb \u201cpushtimi t\u00eb Tajvanit\u201d t\u00eb nj\u00ebkohsh\u00ebm nga Kina, t\u00eb p\u00ebrparimit t\u00eb Iranit drejt arm\u00ebve b\u00ebrthamore dhe t\u00eb \u201ck\u00ebrc\u00ebnimeve\u201d t\u00eb Kores\u00eb s\u00eb Veriut.<\/p>\n<p>Rinisja e tez\u00ebs, jo e re, e nj\u00eb lloj aksi mes k\u00ebtyre 4 vendeve, q\u00eb do t\u00eb angazhohen n\u00eb izhvillimin e marr\u00ebdh\u00ebnieve gjithnj\u00eb e m\u00eb t\u00eb ngushta mes tyre, n\u00eb nivelin e armatimeve dhe teknologjive ushtarake.<\/p>\n<p>Marr\u00ebdh\u00ebnie t\u00eb cilat deri n\u00eb \u201c2027-2028 mund t\u00eb arrijn\u00eb nj\u00eb pik\u00eb konvergjence t\u00eb till\u00eb q\u00eb t\u00eb ulin aft\u00ebsin\u00eb e demokracive per\u00ebndimore\u201d p\u00ebr t\u2019i trajtuar ato nj\u00eb nga nj\u00eb \u201cn\u00eb m\u00ebnyr\u00eb t\u00eb izoluar\u201d.<\/p>\n<p>Prandaj nga k\u00ebtu dhe sugjerimi p\u00ebr t\u00eb par\u00eb t\u00eb ardhmen me \u201cnj\u00eb perspektiv\u00eb t\u00eb ndryshme n\u00ebp\u00ebr bot\u00eb\u201d.<\/p>\n<p>Dhe \u201cnevoja urgjente\u201d e Mbret\u00ebris\u00eb p\u00ebr t\u00eb rind\u00ebrtuar plot\u00ebsisht potencialin parandalues \u200b\u200bt\u00eb forcave t\u00eb saj t\u00eb armatosura.<\/p>\n<p>\u201cUn\u00eb nuk po them se ka nj\u00eb rrug\u00eb t\u00eb paepur drejt luft\u00ebs, por ne kemi nj\u00eb urgjenc\u00eb absolute p\u00ebr t\u00eb rivendosur nj\u00eb \u2018hard power\u2019 t\u00eb besuesh\u00ebm p\u00ebr t\u00eb theksuar parandalimin me forc\u00eb tonin\u201d, shtoi Walker.<\/p>\n<p>Fjal\u00eb t\u00eb cilat n\u00eb fakt, sipas mediave britanike, duket se jan\u00eb nj\u00eb form\u00eb indirekte paralajm\u00ebrimi p\u00ebr qeverin\u00eb e re laburiste t\u00eb Keir Starmer, e cila, pavar\u00ebsisht se ka konfirmuar angazhimin e qeverive t\u00eb m\u00ebparshme konservatore p\u00ebr t\u00eb rritur buxhetin ushtarak n\u00eb 2.5% t\u00eb PBB-s\u00eb, deri m\u00eb tani ka shmangur t\u00eb tregoj\u00eb afate strikte; dhe n\u00eb t\u00eb v\u00ebrtet\u00eb ka filluar nj\u00eb rishikim t\u00eb shpenzimeve p\u00ebr ndarjet buxhetore t\u00eb mbrojtjes q\u00eb do t\u00eb p\u00ebrfundoj\u00eb n\u00eb vitin 2025.<\/p>\n<p>Walker gjithashtu ka mbrojtur hapur q\u00ebllimin ambicioz p\u00ebr t\u2019i ofruar Forcave t\u00eb Armatosura Britanike aft\u00ebsin\u00eb p\u00ebr t\u00eb neutralizuar dhe shkat\u00ebrruar nj\u00eb forc\u00eb deri n\u00eb tre her\u00eb m\u00eb t\u00eb madhe deri n\u00eb vitin 2027; dhe p\u00ebr ta \u201cshkat\u00ebrruar\u201d at\u00eb plot\u00ebsisht deri n\u00eb vitin 2030. T\u00eb cilat, ai sakt\u00ebsoi si p\u00ebr t\u00eb v\u00ebn\u00eb duart p\u00ebrpara, nuk k\u00ebrkojn\u00eb domosdoshm\u00ebrisht \u201cm\u00eb shum\u00eb staf dhe m\u00eb shum\u00eb para\u201d se sa ishte planifikuar, por sigurisht k\u00ebrkon shmangien e \u00e7do \u201cshkurtimi t\u00eb m\u00ebtejsh\u00ebm buxhetor\u201d t\u00eb rezervuar p\u00ebr forcat e armatosura ose t\u00eb dimensionit t\u00eb tyre.<\/p>\n<p><em>Marr\u00eb nga La Stampa, p\u00ebrshtatur p\u00ebr Albanian Post<\/em><\/p>\n<p>The post <a rel=\"nofollow\" href=\"https:\/\/albanianpost.com\/shefi-i-ri-i-ushtrise-britanike-le-te-pergatitemi-per-nje-lufte-boterore-brenda-tre-viteve\/\">Shefi i ri i ushtris\u00eb britanike: Le t\u00eb p\u00ebrgatitemi p\u00ebr nj\u00eb luft\u00eb bot\u00ebrore brenda tre viteve<\/a> appeared first on <a rel=\"nofollow\" href=\"https:\/\/albanianpost.com\/\">Albanian Post<\/a>.<\/p>\n","protected":false},"excerpt":{"rendered":"<p>Mbret\u00ebria e Bashkuar duhet t\u00eb jet\u00eb \u201cgati\u201d brenda tre viteve p\u00ebr nj\u00eb luft\u00eb hipotetike me Rusin\u00eb: \u201cjo e pashmangshme\u201d, por jo e p\u00ebrjashtuar, dhe potencialisht e shtrir\u00eb n\u00eb nj\u00eb \u201cbosht t\u00eb supozuar p\u00ebrmbysjeje\u201d globale t\u00eb aft\u00eb p\u00ebr t\u00eb p\u00ebrfshir\u00eb \u2013 p\u00ebrve\u00e7 Mosk\u00ebs \u2013 Kin\u00ebn, Iranin dhe Koren\u00eb e Veriut. Fjala e gjeneralit Roly Walker, Shef [&hellip;]<\/p>\n","protected":false},"author":1,"featured_media":6987,"comment_status":"open","ping_status":"open","sticky":false,"template":"","format":"standard","meta":{"footnotes":""},"categories":[1],"tags":[],"class_list":["post-6986","post","type-post","status-publish","format-standard","has-post-thumbnail","hentry","category-uncategorized"],"_links":{"self":[{"href":"https:\/\/radiogjilani.com\/index.php\/wp-json\/wp\/v2\/posts\/6986","targetHints":{"allow":["GET"]}}],"collection":[{"href":"https:\/\/radiogjilani.com\/index.php\/wp-json\/wp\/v2\/posts"}],"about":[{"href":"https:\/\/radiogjilani.com\/index.php\/wp-json\/wp\/v2\/types\/post"}],"author":[{"embeddable":true,"href":"https:\/\/radiogjilani.com\/index.php\/wp-json\/wp\/v2\/users\/1"}],"replies":[{"embeddable":true,"href":"https:\/\/radiogjilani.com\/index.php\/wp-json\/wp\/v2\/comments?post=6986"}],"version-history":[{"count":0,"href":"https:\/\/radiogjilani.com\/index.php\/wp-json\/wp\/v2\/posts\/6986\/revisions"}],"wp:featuredmedia":[{"embeddable":true,"href":"https:\/\/radiogjilani.com\/index.php\/wp-json\/wp\/v2\/media\/6987"}],"wp:attachment":[{"href":"https:\/\/radiogjilani.com\/index.php\/wp-json\/wp\/v2\/media?parent=6986"}],"wp:term":[{"taxonomy":"category","embeddable":true,"href":"https:\/\/radiogjilani.com\/index.php\/wp-json\/wp\/v2\/categories?post=6986"},{"taxonomy":"post_tag","embeddable":true,"href":"https:\/\/radiogjilani.com\/index.php\/wp-json\/wp\/v2\/tags?post=6986"}],"curies":[{"name":"wp","href":"https:\/\/api.w.org\/{rel}","templated":true}]}}