{"id":7022,"date":"2024-07-27T06:37:18","date_gmt":"2024-07-27T06:37:18","guid":{"rendered":"https:\/\/radiogjilani.com\/index.php\/2024\/07\/27\/nderprerja-e-udhetimit-ne-france-pritet-te-zgjase-gjate-gjithe-fundjaves\/"},"modified":"2024-07-27T06:37:18","modified_gmt":"2024-07-27T06:37:18","slug":"nderprerja-e-udhetimit-ne-france-pritet-te-zgjase-gjate-gjithe-fundjaves","status":"publish","type":"post","link":"https:\/\/radiogjilani.com\/index.php\/2024\/07\/27\/nderprerja-e-udhetimit-ne-france-pritet-te-zgjase-gjate-gjithe-fundjaves\/","title":{"rendered":"Nd\u00ebrprerja e udh\u00ebtimit n\u00eb Franc\u00eb pritet t\u00eb zgjas\u00eb gjat\u00eb gjith\u00eb fundjav\u00ebs"},"content":{"rendered":"<p>Kompania hekurudhore franceze SNCF ka paralajm\u00ebruar se nd\u00ebrprerja nga sabotimi i s\u00eb premtes kund\u00ebr rrjetit t\u00eb trenave t\u00eb vendit mund t\u00eb zgjas\u00eb deri n\u00eb fund t\u00eb fundjav\u00ebs dhe t\u00eb prek\u00eb qindra mij\u00ebra pasagjer\u00eb t\u00eb tjer\u00eb.<\/p>\n<p>Sulmet e koordinuara t\u00eb zjarrv\u00ebnieve n\u00eb tre linja t\u00eb rrjetit TGV me shpejt\u00ebsi t\u00eb lart\u00eb t\u00eb premten shkaktuan kaos p\u00ebr udh\u00ebtar\u00ebt, disa or\u00eb p\u00ebrpara ceremonis\u00eb s\u00eb hapjes p\u00ebr Loj\u00ebrat Olimpike t\u00eb Parisit. Nj\u00eb sulm i kat\u00ebrt u pengua nga pun\u00ebtor\u00ebt hekurudhor.<\/p>\n<p>Kryeministri Gabriel Attal i p\u00ebrshkroi sulmet si \u201cakte sabotimi\u201d.<\/p>\n<p>Rreth nj\u00eb e kat\u00ebrta e trenave nd\u00ebrkomb\u00ebtar\u00eb t\u00eb Eurostar u anuluan gjithashtu, me kryeministrin e Mbret\u00ebris\u00eb s\u00eb Bashkuar Keir Starmer n\u00eb mesin e t\u00eb prekurve.<\/p>\n<div class=\"iframe-container\"><\/div>\n<p>N\u00eb nj\u00eb deklarat\u00eb t\u00eb l\u00ebshuar t\u00eb premten n\u00eb mbr\u00ebmje, SNCF tha se trafiku \u201cdo t\u00eb p\u00ebrmir\u00ebsohej\u201d n\u00eb linjat e prekura t\u00eb shtun\u00ebn fal\u00eb pun\u00ebs s\u00eb mij\u00ebra pun\u00ebtor\u00ebve hekurudhor.<\/p>\n<p>Aty thuhej: N\u00eb linj\u00ebn lindore, trenat do t\u00eb qarkullojn\u00eb normalisht nga ora 06:00 (05:00 BST) t\u00eb shtun\u00ebn.<\/p>\n<p>N\u00eb vij\u00ebn veriore do t\u00eb qarkullonin 80% e trenave, me vonesa 1-2 or\u00eb.<\/p>\n<p>N\u00eb vij\u00ebn jugper\u00ebndimore do t\u00eb qarkullojn\u00eb 60% e trenave, me vonesa 1-2 or\u00eb.<\/p>\n<p>Kompania shtoi se klient\u00ebt, trenat e t\u00eb cil\u00ebve jan\u00eb vonuar ose anuluar, do t\u00eb kontaktohen me email ose mesazh me tekst.<\/p>\n<p>Eurostar tha se pritej q\u00eb rreth nj\u00eb e pesta e sh\u00ebrbimeve gjat\u00eb fundjav\u00ebs do t\u00eb anulohej, nd\u00ebrsa t\u00eb gjith\u00eb trenat do t\u00eb p\u00ebrballeshin me vonesa prej rreth 1.5 or\u00eb. Sh\u00ebrbimet e Eurostar p\u00ebrdorin linj\u00ebn veriore t\u00eb shpejt\u00ebsis\u00eb s\u00eb lart\u00eb.<\/p>\n<p>SNCF tha se mbik\u00ebqyrja e rrjetit hekurudhor ishte forcuar \u201cn\u00eb tok\u00eb dhe n\u00eb aj\u00ebr\u201d, duke p\u00ebrdorur 1000 pun\u00ebtor\u00eb dhe 50 dron\u00eb.<\/p>\n<p>Ministri i ri i Transportit Patrice Vergriete tha se rreth 250 mij\u00eb njer\u00ebz ishin prekur t\u00eb Premten, nd\u00ebrsa deri n\u00eb 800 mij\u00eb mund t\u00eb p\u00ebrballen me vonesa dhe anulime deri t\u00eb h\u00ebn\u00ebn.<\/p>\n<p>Ai shtoi se nd\u00ebrprerja e udh\u00ebtimit p\u00ebr pushime, n\u00eb vend t\u00eb ceremonis\u00eb s\u00eb hapjes s\u00eb Olimpiad\u00ebs t\u00eb s\u00eb premtes, ishte q\u00ebllimi m\u00eb i mundsh\u00ebm i diversant\u00ebve.<\/p>\n<p>\u201cNuk ka domosdoshm\u00ebrisht nj\u00eb lidhje\u201d me Olimpiad\u00ebn, tha ai n\u00eb nj\u00eb intervist\u00eb.<\/p>\n<p>Fundjava e fundit e korrikut \u00ebsht\u00eb tradicionalisht nj\u00eb periudh\u00eb e ngarkuar p\u00ebr udh\u00ebtime pushimi.<\/p>\n<p>Asnj\u00eb grup ende nuk ka pretenduar se q\u00ebndron pas sulmeve. Nj\u00eb burim i lidhur me hetimin i tha agjencis\u00eb s\u00eb lajmeve AFP se operacioni ishte \u201ci p\u00ebrgatitur mir\u00eb\u201d dhe i organizuar nga \u201cnj\u00eb struktur\u00eb e vetme\u201d.<\/p>\n<p>Attal tha se forcat e siguris\u00eb po k\u00ebrkonin p\u00ebr p\u00ebrgjegj\u00ebsit.<\/p>\n<p>Rreth or\u00ebs 04:00 t\u00eb s\u00eb premtes, diversant\u00ebt pren\u00eb dhe dogj\u00ebn kabllot e specializuara me fibra optike thelb\u00ebsore p\u00ebr funksionimin e sigurt t\u00eb rrjetit hekurudhor, than\u00eb zyrtar\u00ebt qeveritar\u00eb.<\/p>\n<p>Nj\u00eb vend ishte n\u00eb Courtalain, 150 km (93 milje) n\u00eb jug-per\u00ebndim t\u00eb Parisit. Nj\u00eb foto e postuar n\u00eb internet supozohet se tregoi kabllot e djegura n\u00eb nj\u00eb gryk\u00eb t\u00eb cek\u00ebt me gur\u00ebt mbrojt\u00ebs t\u00eb shtrimit SNCF t\u00eb hedhura.<\/p>\n<p>SNCF foli p\u00ebr nj\u00eb \u201csulm masiv dhe n\u00eb shkall\u00eb t\u00eb gjer\u00eb q\u00eb synonte paralizimin\u201d e sh\u00ebrbimeve t\u00eb saj, jo vet\u00ebm n\u00eb Courtalain por n\u00eb Pagny-sur-Moselle, nj\u00eb fshat jasht\u00eb qytetit lindor t\u00eb Metz dhe Croisilles, jo shum\u00eb larg nga qyteti verior i Arrasit.<\/p>\n<p>Nj\u00eb tjet\u00ebr tentativ\u00eb p\u00ebr sulm n\u00eb Vergigny, n\u00eb jug-lindje t\u00eb Parisit, u pengua nga pun\u00ebtor\u00ebt e SNCF q\u00eb po kryenin mir\u00ebmbajtjen n\u00eb vend n\u00eb or\u00ebt e para t\u00eb s\u00eb premtes.<\/p>\n<p>Prokuror\u00ebt kan\u00eb hapur nj\u00eb hetim p\u00ebr sulme ndaj \u201cinteresave themelore t\u00eb kombit\u201d.<\/p>\n<p>The post <a rel=\"nofollow\" href=\"https:\/\/albanianpost.com\/nderprerja-e-udhetimit-ne-france-pritet-te-zgjase-gjate-gjithe-fundjaves\/\">Nd\u00ebrprerja e udh\u00ebtimit n\u00eb Franc\u00eb pritet t\u00eb zgjas\u00eb gjat\u00eb gjith\u00eb fundjav\u00ebs<\/a> appeared first on <a rel=\"nofollow\" href=\"https:\/\/albanianpost.com\/\">Albanian Post<\/a>.<\/p>\n","protected":false},"excerpt":{"rendered":"<p>Kompania hekurudhore franceze SNCF ka paralajm\u00ebruar se nd\u00ebrprerja nga sabotimi i s\u00eb premtes kund\u00ebr rrjetit t\u00eb trenave t\u00eb vendit mund t\u00eb zgjas\u00eb deri n\u00eb fund t\u00eb fundjav\u00ebs dhe t\u00eb prek\u00eb qindra mij\u00ebra pasagjer\u00eb t\u00eb tjer\u00eb. Sulmet e koordinuara t\u00eb zjarrv\u00ebnieve n\u00eb tre linja t\u00eb rrjetit TGV me shpejt\u00ebsi t\u00eb lart\u00eb t\u00eb premten shkaktuan kaos p\u00ebr [&hellip;]<\/p>\n","protected":false},"author":1,"featured_media":7023,"comment_status":"open","ping_status":"open","sticky":false,"template":"","format":"standard","meta":{"footnotes":""},"categories":[1],"tags":[],"class_list":["post-7022","post","type-post","status-publish","format-standard","has-post-thumbnail","hentry","category-uncategorized"],"_links":{"self":[{"href":"https:\/\/radiogjilani.com\/index.php\/wp-json\/wp\/v2\/posts\/7022","targetHints":{"allow":["GET"]}}],"collection":[{"href":"https:\/\/radiogjilani.com\/index.php\/wp-json\/wp\/v2\/posts"}],"about":[{"href":"https:\/\/radiogjilani.com\/index.php\/wp-json\/wp\/v2\/types\/post"}],"author":[{"embeddable":true,"href":"https:\/\/radiogjilani.com\/index.php\/wp-json\/wp\/v2\/users\/1"}],"replies":[{"embeddable":true,"href":"https:\/\/radiogjilani.com\/index.php\/wp-json\/wp\/v2\/comments?post=7022"}],"version-history":[{"count":0,"href":"https:\/\/radiogjilani.com\/index.php\/wp-json\/wp\/v2\/posts\/7022\/revisions"}],"wp:featuredmedia":[{"embeddable":true,"href":"https:\/\/radiogjilani.com\/index.php\/wp-json\/wp\/v2\/media\/7023"}],"wp:attachment":[{"href":"https:\/\/radiogjilani.com\/index.php\/wp-json\/wp\/v2\/media?parent=7022"}],"wp:term":[{"taxonomy":"category","embeddable":true,"href":"https:\/\/radiogjilani.com\/index.php\/wp-json\/wp\/v2\/categories?post=7022"},{"taxonomy":"post_tag","embeddable":true,"href":"https:\/\/radiogjilani.com\/index.php\/wp-json\/wp\/v2\/tags?post=7022"}],"curies":[{"name":"wp","href":"https:\/\/api.w.org\/{rel}","templated":true}]}}