{"id":7064,"date":"2024-07-28T07:19:26","date_gmt":"2024-07-28T07:19:26","guid":{"rendered":"https:\/\/radiogjilani.com\/index.php\/2024\/07\/28\/zjarri-i-madh-ne-kaliforni-perfshin-5000-hektare-cdo-ore\/"},"modified":"2024-07-28T07:19:26","modified_gmt":"2024-07-28T07:19:26","slug":"zjarri-i-madh-ne-kaliforni-perfshin-5000-hektare-cdo-ore","status":"publish","type":"post","link":"https:\/\/radiogjilani.com\/index.php\/2024\/07\/28\/zjarri-i-madh-ne-kaliforni-perfshin-5000-hektare-cdo-ore\/","title":{"rendered":"Zjarri i madh n\u00eb Kaliforni p\u00ebrfshin 5000 hektar\u00eb \u00e7do or\u00eb"},"content":{"rendered":"<p>Nj\u00eb zjarr i madh \u00ebsht\u00eb rritur me 8 milje katror\u00eb n\u00eb or\u00eb (20 km katror\u00eb) nd\u00ebrsa p\u00ebrhapet n\u00eb pjes\u00eb t\u00eb Kalifornis\u00eb veriore.<\/p>\n<p>Zjarri i Parkut, i cili filloi t\u00eb m\u00ebrkur\u00ebn n\u00eb nj\u00eb sulm t\u00eb dyshuar me zjarrv\u00ebnie, ka djegur m\u00eb shum\u00eb se 348 mij\u00eb hektar\u00eb tok\u00eb n\u00eb veri-lindje t\u00eb Chico-s dhe u izolua 0% t\u00eb shtun\u00ebn, tha agjencia shtet\u00ebrore e zjarrfik\u00ebsve Cal Fire.<\/p>\n<p>Rreth 2 mij\u00eb e 500 zjarrfik\u00ebs po luftojn\u00eb me zjarrin, i cili \u00ebsht\u00eb ndezur nga terreni i pjerr\u00ebt dhe rr\u00ebmbimet e er\u00ebs.<\/p>\n<p>Nj\u00eb 42-vje\u00e7ar u arrestua t\u00eb enjten me dyshimin se ndezi zjarrin duke rrokullisur nj\u00eb makin\u00eb t\u00eb djegur n\u00eb nj\u00eb grop\u00eb pran\u00eb Alligator Hole n\u00eb Butte County.<\/p>\n<div class=\"iframe-container\"><\/div>\n<p>Tani \u00ebsht\u00eb zjarri m\u00eb i madh n\u00eb shtet k\u00ebt\u00eb vit dhe ka p\u00ebrfshir\u00eb nj\u00eb zon\u00eb m\u00eb shum\u00eb se 1.5 her\u00eb m\u00eb t\u00eb madhe se pes\u00eb bashkit\u00eb e qytetit t\u00eb New York-ut.<\/p>\n<p>Komandanti i incidentit Cal Fire, Billy See tha se zjarri \u00ebsht\u00eb p\u00ebrhapur me nj\u00eb shpejt\u00ebsi prej 5 mij\u00eb hektar\u00ebsh n\u00eb or\u00eb.<\/p>\n<p>Duke folur n\u00eb nj\u00eb konferenc\u00eb operacionale, See tha se kishte pothuajse tre her\u00eb personelin q\u00eb luftonte zjarrin t\u00eb shtun\u00ebn n\u00eb krahasim me t\u00eb premten, dhe \u201cne ende nuk kemi mjaft\u201d.<\/p>\n<p>Scott Weese, nj\u00eb sjelljes zjarri me Cal Fire, tha se kishte nj\u00eb ngarkes\u00eb t\u00eb lart\u00eb karburanti n\u00eb zon\u00eb me nj\u00eb boll\u00ebk bari.<\/p>\n<p>Autoritetet shpresonin se mund t\u00eb p\u00ebrdornin leht\u00ebsimin e kushteve t\u00eb s\u00eb shtun\u00ebs p\u00ebr t\u00eb kontrolluar nj\u00eb pjes\u00eb t\u00eb zjarrit. Shpejt\u00ebsia e er\u00ebs u ul dhe temperaturat ran\u00eb me rreth 15F, por ende q\u00ebndrojn\u00eb n\u00eb disa zona n\u00eb vitet e ul\u00ebta t\u00eb 90-ta (32C).<\/p>\n<p>Zyrtar\u00ebt than\u00eb se vorbullat e zjarrit jan\u00eb m\u00eb pak t\u00eb mundshme sot, pasi nj\u00eb \u201cfirenado\u201d e rrall\u00eb \u2013 nj\u00eb vorbull vorbull flakesh dhe hiri i formuar nga nxeht\u00ebsia e fort\u00eb dhe er\u00ebrat e forta \u2013 u filmua duke u p\u00ebrdredhur n\u00ebp\u00ebr shkurre t\u00eb premten.<\/p>\n<p>Guvernatori i Kalifornis\u00eb Gavin Newsom shpalli t\u00eb premten gjendjen e jasht\u00ebzakonshme n\u00eb qarqet Butte dhe Tehama p\u00ebr shkak t\u00eb zjarrit n\u00eb Park.<\/p>\n<p>\u201cNe po p\u00ebrdorim \u00e7do mjet t\u00eb disponuesh\u00ebm p\u00ebr t\u00eb mbrojtur jet\u00ebt dhe pronat pasi ekipet tona t\u00eb reagimit ndaj zjarrit dhe emergjencave punojn\u00eb gjat\u00eb gjith\u00eb koh\u00ebs p\u00ebr t\u00eb luftuar k\u00ebto zjarre sfiduese\u201d, tha ai n\u00eb nj\u00eb deklarat\u00eb.<\/p>\n<p>T\u00eb pakt\u00ebn 16 helikopter\u00eb po luftojn\u00eb zjarrin, si dhe cisterna t\u00eb shumta ajrore q\u00eb hedhin uj\u00eb nga qielli kur lejojn\u00eb kushtet.<\/p>\n<p>Zjarri ka detyruar evakuime t\u00eb detyrueshme n\u00eb Butte, ku zjarri m\u00eb vdekjeprur\u00ebs i Kalifornis\u00eb, Camp Fire, vrau m\u00eb shum\u00eb se 80 njer\u00ebz n\u00eb 2018.<\/p>\n<p>Popullsia prej 400 banor\u00ebsh e Cohasset tashm\u00eb \u00ebsht\u00eb zhvendosur pasi zjarri digjet jasht\u00eb kontrollit.<\/p>\n<p>The post <a rel=\"nofollow\" href=\"https:\/\/albanianpost.com\/zjarri-i-madh-ne-kaliforni-perfshin-5000-hektare-cdo-ore\/\">Zjarri i madh n\u00eb Kaliforni p\u00ebrfshin 5000 hektar\u00eb \u00e7do or\u00eb<\/a> appeared first on <a rel=\"nofollow\" href=\"https:\/\/albanianpost.com\/\">Albanian Post<\/a>.<\/p>\n","protected":false},"excerpt":{"rendered":"<p>Nj\u00eb zjarr i madh \u00ebsht\u00eb rritur me 8 milje katror\u00eb n\u00eb or\u00eb (20 km katror\u00eb) nd\u00ebrsa p\u00ebrhapet n\u00eb pjes\u00eb t\u00eb Kalifornis\u00eb veriore. Zjarri i Parkut, i cili filloi t\u00eb m\u00ebrkur\u00ebn n\u00eb nj\u00eb sulm t\u00eb dyshuar me zjarrv\u00ebnie, ka djegur m\u00eb shum\u00eb se 348 mij\u00eb hektar\u00eb tok\u00eb n\u00eb veri-lindje t\u00eb Chico-s dhe u izolua 0% t\u00eb [&hellip;]<\/p>\n","protected":false},"author":1,"featured_media":7065,"comment_status":"open","ping_status":"open","sticky":false,"template":"","format":"standard","meta":{"footnotes":""},"categories":[1],"tags":[],"class_list":["post-7064","post","type-post","status-publish","format-standard","has-post-thumbnail","hentry","category-uncategorized"],"_links":{"self":[{"href":"https:\/\/radiogjilani.com\/index.php\/wp-json\/wp\/v2\/posts\/7064","targetHints":{"allow":["GET"]}}],"collection":[{"href":"https:\/\/radiogjilani.com\/index.php\/wp-json\/wp\/v2\/posts"}],"about":[{"href":"https:\/\/radiogjilani.com\/index.php\/wp-json\/wp\/v2\/types\/post"}],"author":[{"embeddable":true,"href":"https:\/\/radiogjilani.com\/index.php\/wp-json\/wp\/v2\/users\/1"}],"replies":[{"embeddable":true,"href":"https:\/\/radiogjilani.com\/index.php\/wp-json\/wp\/v2\/comments?post=7064"}],"version-history":[{"count":0,"href":"https:\/\/radiogjilani.com\/index.php\/wp-json\/wp\/v2\/posts\/7064\/revisions"}],"wp:featuredmedia":[{"embeddable":true,"href":"https:\/\/radiogjilani.com\/index.php\/wp-json\/wp\/v2\/media\/7065"}],"wp:attachment":[{"href":"https:\/\/radiogjilani.com\/index.php\/wp-json\/wp\/v2\/media?parent=7064"}],"wp:term":[{"taxonomy":"category","embeddable":true,"href":"https:\/\/radiogjilani.com\/index.php\/wp-json\/wp\/v2\/categories?post=7064"},{"taxonomy":"post_tag","embeddable":true,"href":"https:\/\/radiogjilani.com\/index.php\/wp-json\/wp\/v2\/tags?post=7064"}],"curies":[{"name":"wp","href":"https:\/\/api.w.org\/{rel}","templated":true}]}}