{"id":7072,"date":"2024-07-28T07:19:22","date_gmt":"2024-07-28T07:19:22","guid":{"rendered":"https:\/\/radiogjilani.com\/index.php\/2024\/07\/28\/kodi-zgjedhor-kaloi-por-nje-pjese-e-opozites-kerkon-qe-ndryshimet-te-mos-dekretohen\/"},"modified":"2024-07-28T07:19:22","modified_gmt":"2024-07-28T07:19:22","slug":"kodi-zgjedhor-kaloi-por-nje-pjese-e-opozites-kerkon-qe-ndryshimet-te-mos-dekretohen","status":"publish","type":"post","link":"https:\/\/radiogjilani.com\/index.php\/2024\/07\/28\/kodi-zgjedhor-kaloi-por-nje-pjese-e-opozites-kerkon-qe-ndryshimet-te-mos-dekretohen\/","title":{"rendered":"Kodi Zgjedhor kaloi, por nj\u00eb pjes\u00eb e opozit\u00ebs k\u00ebrkon q\u00eb ndryshimet t\u00eb mos dekretohen"},"content":{"rendered":"<p>Partia Demokratike dhe ajo socialiste kan\u00eb r\u00ebn\u00eb dakord dhe kan\u00eb miratuar ndryshimet e reja n\u00eb Kodin Zgjedhor, t\u00eb cilat do t\u00eb mund\u00ebsojn\u00eb edhe vot\u00ebn e emigrant\u00ebve, p\u00ebr her\u00eb t\u00eb par\u00eb n\u00eb Shqip\u00ebri, si edhe do t\u00eb p\u00ebrcaktojn\u00eb edhe p\u00ebrkat\u00ebsit\u00eb e listave zgjedhore.<\/p>\n<p>Nga nj\u00ebra an\u00eb, pozita \u00ebsht\u00eb e justifikuar n\u00eb obligim q\u00eb ka pasur p\u00ebr t\u2019i votuar k\u00ebto ndryshime, por opozita e ka pasur m\u00eb t\u00eb v\u00ebshtir\u00eb t\u00eb justifikohet.<\/p>\n<p>Megjithat\u00eb, kreu i Grupit Parlamentar t\u00eb Partis\u00eb Demokratike, Gazment Bardhi, ka treguar arsyet pse ai dhe shumica e deputet\u00ebve t\u00eb djatht\u00eb, kan\u00eb vendosur t\u00eb votojn\u00eb pro ndryshimeve t\u00eb Kodit Zgjedhor, duke dh\u00ebn\u00eb si argument kryesor mund\u00ebsimin e vot\u00ebs s\u00eb diaspor\u00ebs.<\/p>\n<p>Bardhi \u00ebsht\u00eb shprehur se Reforma Zgjedhore kuptimplot\u00eb \u00ebsht\u00eb bllokuar prej vitesh nga Edi Rama dhe \u201cata q\u00eb p\u00ebr dy vite e lan\u00eb n\u00eb heshtje\u201d (referuar grupit Basha), edhe pse ishin mandatuar p\u00ebr ta \u00e7uar p\u00ebrpara.<\/p>\n<div class=\"iframe-container\"><\/div>\n<p>\u201cP\u00ebrmes votimit t\u00eb djesh\u00ebm, Opozita, PD, arriti q\u00eb t\u00eb b\u00ebhet e mundur vota e t\u00eb gjith\u00eb shqiptar\u00ebve q\u00eb jetojn\u00eb jasht\u00eb Shqip\u00ebris\u00eb! \u00c7do vones\u00eb e m\u00ebtejshme rrezikonte ta b\u00ebnte t\u00eb pamundur k\u00ebt\u00eb t\u00eb drejt\u00eb kushtetuese t\u00eb bashk\u00ebqytetar\u00ebve tan\u00eb q\u00eb jetojn\u00eb jasht\u00eb Shqip\u00ebris\u00eb\u201d, shkruan Bardhi.<\/p>\n<p>Nga ana tjet\u00ebr, ai shtoi: PD, ndryshe nga sa ofronte sistemi n\u00eb fuqi apo ai i propozuar nga PS, q\u00eb zgjedhja preferenciale e qytetar\u00ebve p\u00ebr kandidat\u00ebt p\u00ebr deputet\u00eb t\u00eb kishte pothuajse zero efekt n\u00eb p\u00ebrb\u00ebrjen reale t\u00eb Kuvendit pas zgjedhjeve, mund\u00ebsoi q\u00eb t\u00eb pakt\u00ebn rreth 40 deputet\u00eb nga 140 gjithsej t\u00eb jen\u00eb produkt i vot\u00ebs preferenciale t\u00eb qytetar\u00ebve. Q\u00eb t\u00eb arrihej m\u00eb shum\u00eb duhet konsensus nga t\u00eb dyja pal\u00ebt, q\u00eb fatkeq\u00ebsisht nuk u ofrua nga pala tjet\u00ebr.<\/p>\n<p>Kjo nuk i ka k\u00ebnaqur megjithat\u00eb t\u00eb gjith\u00eb z\u00ebrat brenda t\u00eb djatht\u00ebve.<\/p>\n<p>K\u00ebshtu, deputeti Enkelejd Alibeaj, i cili aktualisht \u00ebsht\u00eb me grupimin e Lulzim Bash\u00ebs, ka shkuar deri aty, sa t\u2019i b\u00ebj\u00eb k\u00ebrkes\u00eb Presidentit t\u00eb Republik\u00ebs, Bajram Begaj, q\u00eb t\u00eb mos i dekretoj\u00eb ndryshimet.<\/p>\n<p>Alibeaj i cil\u00ebson ndryshimet n\u00eb Kod si anti-kushtetuese. \u201cLigji i miratuar \u00ebsht\u00eb n\u00eb kund\u00ebrshtim me frym\u00ebn dhe arsyetimin e Gjykat\u00ebs Kushtetuese e cila p\u00ebrcakton se interesi i partive politike p\u00ebr vet\u00ebrregullim nuk mund t\u00eb kufizoj\u00eb p\u00ebrtej nevoj\u00ebs proporcionale t\u00eb drejt\u00ebn e qytetar\u00ebve p\u00ebr t\u00eb p\u00ebrzgjedhur me vot\u00eb parap\u00eblqyese p\u00ebrfaq\u00ebsuesit e tyre\u201d, thot\u00eb ai.<\/p>\n<p>Po ashtu, thot\u00eb se shqet\u00ebsimi lidhet me pamund\u00ebsin\u00eb q\u00eb votuesit shqiptar\u00eb do t\u00eb ken\u00eb p\u00ebr t\u00eb zgjedhur p\u00ebrfaq\u00ebsuesit e tij jasht\u00eb vullnetit q\u00eb t\u00eb kryetar\u00ebve t\u00eb partive.<\/p>\n<p>\u201cN\u00eb rast se ky ligj do t\u00eb hyj\u00eb n\u00eb fuqi, vitin e ardhsh\u00ebm shqiptar\u00ebt do t\u00eb ken\u00eb ofert\u00eb nga partit\u00eb tradicionale vet\u00ebm nj\u00eb list\u00eb preferenciale t\u00eb kryetarit. K\u00ebta kandidat\u00eb nuk do t\u00eb kalojn\u00eb asnj\u00eb filt\u00ebr p\u00ebrzgjedhjeje apo meritash por do t\u00eb jen\u00eb t\u00eb privilegjuarit e kryetar\u00ebve q\u00eb do t\u2019u ofrohen shqiptar\u00ebve si e vetmja alternative\u201d, shtjellon.<\/p>\n<p>Edhe deputeti Dashnor Sula, \u00ebsht\u00eb n\u00eb nj\u00eb linj\u00eb t\u00eb ngjashme, por theksin e vendos te listat shum\u00ebem\u00ebrore.<\/p>\n<p>Sula ishte nj\u00eb nga ligjv\u00ebn\u00ebsit q\u00eb votoi kund\u00ebr paket\u00ebs s\u00eb propozuar, ve\u00e7an\u00ebrisht sa i takon list\u00ebs s\u00eb kandidat\u00ebve p\u00ebr deputet, e cila do t\u00eb jet\u00eb 1\/3 e fiksuar dhe 2\/3 e hapur.<\/p>\n<p>\u201cFormula p\u00ebr list\u00ebn e p\u00ebrfaq\u00ebsimit vret gar\u00ebn dhe demokracin\u00eb dhe un\u00eb nuk mund t\u2019i zhg\u00ebnjeja ata qindra e mij\u00ebra qytetar\u00eb q\u00eb m\u00eb votuam n\u00eb 2021\u201d, shkroi Sula n\u00eb nj\u00eb postim n\u00eb rrjetet sociale.<\/p>\n<p>Sipas tij, n\u00eb\u00a0demokraci, fjala dhe vota jan\u00eb parime t\u00eb r\u00ebnd\u00ebsishme. Ndryshimet e djeshme jan\u00eb kund\u00ebr vot\u00ebs.<\/p>\n<p>\u201cShkuarja n\u00eb zgjedhje me dy lista: Nj\u00eb e t\u00eb preferuarve t\u00eb kryetar\u00ebve dhe nj\u00eb me ata p\u00ebr t\u00eb plot\u00ebsuar list\u00ebn krijon nj\u00eb ndasi dhe krijon frym\u00eb p\u00ebr\u00e7arje\u201d, vijon.<\/p>\n<p>Teksa k\u00ebrkon lista m\u00eb t\u00eb hapura.<\/p>\n<p>Di\u00e7ka, t\u00eb cil\u00ebn e kan\u00eb k\u00ebrkuar edhe parti t\u00eb vogla opozitare, apo edhe fraksione brenda t\u00eb djatht\u00ebve.<\/p>\n<p>Megjithat\u00eb, situata duket e fiksuar k\u00ebshtu.<\/p>\n<h5><strong>\u00c7far\u00eb ndryshon?<\/strong><\/h5>\n<p>Kuvendi i Shqip\u00ebris\u00eb ka miratuar n\u00eb parim ndryshimet e Kodit Zgjedhor.<\/p>\n<p>Me 105 vota pro dhe 8 kund\u00ebr, PD dhe PS i q\u00ebndruan dakord\u00ebsis\u00eb s\u00eb shprehur n\u00eb Komisionin e Ligjeve t\u00eb m\u00ebrkur\u00ebn.Reforma u kontestua nga nj\u00eb pjes\u00eb e deputet\u00ebve t\u00eb opozit\u00ebs.<\/p>\n<p>N\u00eb amendamentin e propozuar nga deputet\u00eb nga PD dhe PS, p\u00ebrcaktohet edhe formula se si do t\u00eb b\u00ebhet renditja e kandidat\u00ebve n\u00eb listat p\u00ebr deputet\u00eb, duke respektuar kuotat gjinore.<\/p>\n<p>Partia Socialiste dhe ajo Demokratike kan\u00eb arritur dakord\u00ebsin\u00eb p\u00ebr nj\u00eb s\u00ebr\u00eb \u00e7\u00ebshtjesh sa i takon Reform\u00ebs Zgjedhore, duke p\u00ebrfshir\u00eb edhe listat pjes\u00ebrisht t\u00eb hapura, vota e diaspor\u00ebs, apo edhe her\u00ebsi p\u00ebr fitimin e mandatit.<\/p>\n<p>Vota e emigrant\u00ebve, ka qen\u00eb prej koh\u00ebsh n\u00eb qend\u00ebr t\u00eb v\u00ebmendjes dhe sa duket, ajo do t\u00eb mund\u00ebsohet m\u00eb n\u00eb fund n\u00eb zgjedhjet e ardhshme parlamentare.<\/p>\n<p>Sipas draftit, \u201ct\u00eb drejt\u00ebn e vot\u00ebs nga jasht\u00eb territorit t\u00eb Republik\u00ebs s\u00eb Shqip\u00ebris\u00eb e ka \u00e7do shtetas shqiptar me t\u00eb drejt\u00eb vote q\u00eb p\u00ebr arsye banimi, pun\u00ebsimi, studimi, kryerje t\u00eb detyrave ushtarake apo arsye sh\u00ebndet\u00ebsore ndodhet jasht\u00eb territorit t\u00eb Republik\u00ebs s\u00eb Shqip\u00ebris\u00eb n\u00eb dat\u00ebn e zgjedhjeve.<\/p>\n<p>Edhe nj\u00eb zgjedh\u00ebs q\u00eb ndodhet jasht\u00eb vendit dhe d\u00ebshiron q\u00eb t\u00eb votoj\u00eb n\u00eb zgjedhjet e radh\u00ebs, p\u00ebr Kuvendin duhet t\u00eb regjistrohet n\u00eb list\u00ebn e zgjedh\u00ebsve jasht\u00eb vendit. Lista e zgjedh\u00ebsve q\u00eb votojn\u00eb nga jasht\u00eb territorit, mjafton q\u00eb t\u00eb aplikoj\u00eb\u00a0p\u00ebr t\u2019u regjistruar dhe mund ta ushtroj\u00eb t\u00eb drejt\u00ebn e tij p\u00ebr t\u00eb votuar.<\/p>\n<p>Vota e \u00e7do shqiptari nga jasht\u00eb do t\u00eb d\u00ebrgohet me post\u00eb n\u00eb adres\u00ebn e Komisionit Qendror t\u00eb Zgjedhjeve dhe aty do t\u00eb p\u00ebrpunohet. Duhet kuptuar megjithat\u00eb cila do t\u00eb jet\u00eb kuota e caktuar p\u00ebr k\u00ebto vota dhe n\u00eb cil\u00ebn zon\u00eb zgjedhore do t\u00eb llogariten.<\/p>\n<p>Listat, nga sa kuptohet, do t\u00eb jen\u00eb t\u00eb ndara n\u00eb dy pjes\u00eb, ku 1\/3 do t\u00eb jen\u00eb lista t\u00eb mbyllura dhe 2\/3 do t\u00eb jen\u00eb t\u00eb hapura, sipas propozimit t\u00eb Partis\u00eb Socialiste. Demokrat\u00ebt kishin k\u00ebrkuar 25% t\u00eb listave t\u00eb mbyllura dhe 75% lista t\u00eb hapura.<\/p>\n<p>Por, me argumentin se do t\u00eb kishte v\u00ebshtir\u00ebsi m\u00eb pas p\u00ebr respektimin e kuotave gjinore, \u00ebsht\u00eb dakord\u00ebsuar propozimi socialist.<\/p>\n<p>Nj\u00eb aspekt tejet me r\u00ebnd\u00ebsi, \u00ebsht\u00eb edhe her\u00ebsi i zgjedhjet dhe marrjes s\u00eb mandatit, i cili sipas draftit propozohet t\u00eb jet\u00eb 7 mij\u00eb vota.<\/p>\n<p>Kjo megjithat\u00eb \u00ebsht\u00eb nj\u00eb pik\u00eb tejet e kontestuar dhe pal\u00ebt mund t\u00eb ken\u00eb p\u00ebrplasje rreth saj ende, pasi p\u00ebrllogaritja e her\u00ebsit b\u00ebhet n\u00eb baz\u00eb t\u00eb qarqeve, por me kuadrin e ri ligjor, pretendohet t\u00eb ket\u00eb nj\u00eb dispozit\u00eb, e cila parasheh kufirin e pragut t\u00eb 7 mij\u00eb votave, p\u00ebr t\u00eb thyer her\u00ebsin.<\/p>\n<p>N\u00eb listat e hapura nd\u00ebrkoh\u00eb, kandidat\u00ebt e list\u00ebs shum\u00ebem\u00ebrore do t\u00eb renditen n\u00eb baz\u00eb t\u00eb numrit t\u00eb votave dhe vet\u00ebm n\u00eb rast barazie t\u00ebr\u00ebsore, at\u00ebher\u00eb do t\u00eb jet\u00eb shorti, ai i cili vendos kush merr mandatin e deputetit.<\/p>\n<p>The post <a rel=\"nofollow\" href=\"https:\/\/albanianpost.com\/kodi-zgjedhor-kaloi-por-nje-pjese-e-opozites-kerkon-qe-ndryshimet-te-mos-dekretohen\/\">Kodi Zgjedhor kaloi, por nj\u00eb pjes\u00eb e opozit\u00ebs k\u00ebrkon q\u00eb ndryshimet t\u00eb mos dekretohen<\/a> appeared first on <a rel=\"nofollow\" href=\"https:\/\/albanianpost.com\/\">Albanian Post<\/a>.<\/p>\n","protected":false},"excerpt":{"rendered":"<p>Partia Demokratike dhe ajo socialiste kan\u00eb r\u00ebn\u00eb dakord dhe kan\u00eb miratuar ndryshimet e reja n\u00eb Kodin Zgjedhor, t\u00eb cilat do t\u00eb mund\u00ebsojn\u00eb edhe vot\u00ebn e emigrant\u00ebve, p\u00ebr her\u00eb t\u00eb par\u00eb n\u00eb Shqip\u00ebri, si edhe do t\u00eb p\u00ebrcaktojn\u00eb edhe p\u00ebrkat\u00ebsit\u00eb e listave zgjedhore. Nga nj\u00ebra an\u00eb, pozita \u00ebsht\u00eb e justifikuar n\u00eb obligim q\u00eb ka pasur p\u00ebr [&hellip;]<\/p>\n","protected":false},"author":1,"featured_media":7073,"comment_status":"open","ping_status":"open","sticky":false,"template":"","format":"standard","meta":{"footnotes":""},"categories":[1],"tags":[],"class_list":["post-7072","post","type-post","status-publish","format-standard","has-post-thumbnail","hentry","category-uncategorized"],"_links":{"self":[{"href":"https:\/\/radiogjilani.com\/index.php\/wp-json\/wp\/v2\/posts\/7072","targetHints":{"allow":["GET"]}}],"collection":[{"href":"https:\/\/radiogjilani.com\/index.php\/wp-json\/wp\/v2\/posts"}],"about":[{"href":"https:\/\/radiogjilani.com\/index.php\/wp-json\/wp\/v2\/types\/post"}],"author":[{"embeddable":true,"href":"https:\/\/radiogjilani.com\/index.php\/wp-json\/wp\/v2\/users\/1"}],"replies":[{"embeddable":true,"href":"https:\/\/radiogjilani.com\/index.php\/wp-json\/wp\/v2\/comments?post=7072"}],"version-history":[{"count":0,"href":"https:\/\/radiogjilani.com\/index.php\/wp-json\/wp\/v2\/posts\/7072\/revisions"}],"wp:featuredmedia":[{"embeddable":true,"href":"https:\/\/radiogjilani.com\/index.php\/wp-json\/wp\/v2\/media\/7073"}],"wp:attachment":[{"href":"https:\/\/radiogjilani.com\/index.php\/wp-json\/wp\/v2\/media?parent=7072"}],"wp:term":[{"taxonomy":"category","embeddable":true,"href":"https:\/\/radiogjilani.com\/index.php\/wp-json\/wp\/v2\/categories?post=7072"},{"taxonomy":"post_tag","embeddable":true,"href":"https:\/\/radiogjilani.com\/index.php\/wp-json\/wp\/v2\/tags?post=7072"}],"curies":[{"name":"wp","href":"https:\/\/api.w.org\/{rel}","templated":true}]}}