{"id":7110,"date":"2024-07-29T07:19:55","date_gmt":"2024-07-29T07:19:55","guid":{"rendered":"https:\/\/radiogjilani.com\/index.php\/2024\/07\/29\/sot-mblidhet-kuvendi-i-shqiperise-votohet-spiropali-dhe-ministrat-e-rinj\/"},"modified":"2024-07-29T07:19:55","modified_gmt":"2024-07-29T07:19:55","slug":"sot-mblidhet-kuvendi-i-shqiperise-votohet-spiropali-dhe-ministrat-e-rinj","status":"publish","type":"post","link":"https:\/\/radiogjilani.com\/index.php\/2024\/07\/29\/sot-mblidhet-kuvendi-i-shqiperise-votohet-spiropali-dhe-ministrat-e-rinj\/","title":{"rendered":"Sot mblidhet Kuvendi i Shqip\u00ebris\u00eb, votohet Spiropali dhe ministrat e rinj"},"content":{"rendered":"<p>Sot n\u00eb ora 18:00 do t\u00eb mbahet nj\u00eb seanc\u00eb e jasht\u00ebyakonshme e Kuvendit t\u00eb Shqip\u00ebris\u00eb, ku me vot\u00eb t\u00eb fsheht\u00eb do t\u00eb votohet Elisa Spiropali, si kryetare e re e Kuvendit pas dor\u00ebheqjes s\u00eb Lindita Nikoll\u00ebs. Emri i Spiropalit si kandidatur\u00eb p\u00ebr krye parlamentare e publikoi vet\u00eb Rama n\u00eb Kongresin e PS-s\u00eb q\u00eb u mbajt t\u00eb diel\u00ebn. \u201cDo i propozoj grupit parlamentar q\u00eb n\u00eb nj\u00eb seanc\u00eb t\u00eb posa\u00e7me t\u00eb Kuvendit t\u00eb&#8230;<\/p>\n<p><a href=\"https:\/\/ekonomiaonline.com\/sot-mblidhet-kuvendi-i-shqiperise-votohet-spiropali-dhe-ministrat-e-rinj\/\" rel=\"nofollow\">Source<\/a><\/p>\n","protected":false},"excerpt":{"rendered":"<p>Sot n\u00eb ora 18:00 do t\u00eb mbahet nj\u00eb seanc\u00eb e jasht\u00ebyakonshme e Kuvendit t\u00eb Shqip\u00ebris\u00eb, ku me vot\u00eb t\u00eb fsheht\u00eb do t\u00eb votohet Elisa Spiropali, si kryetare e re e Kuvendit pas dor\u00ebheqjes s\u00eb Lindita Nikoll\u00ebs. Emri i Spiropalit si kandidatur\u00eb p\u00ebr krye parlamentare e publikoi vet\u00eb Rama n\u00eb Kongresin e PS-s\u00eb q\u00eb u mbajt [&hellip;]<\/p>\n","protected":false},"author":1,"featured_media":7111,"comment_status":"open","ping_status":"open","sticky":false,"template":"","format":"standard","meta":{"footnotes":""},"categories":[19],"tags":[],"class_list":["post-7110","post","type-post","status-publish","format-standard","has-post-thumbnail","hentry","category-eko"],"_links":{"self":[{"href":"https:\/\/radiogjilani.com\/index.php\/wp-json\/wp\/v2\/posts\/7110","targetHints":{"allow":["GET"]}}],"collection":[{"href":"https:\/\/radiogjilani.com\/index.php\/wp-json\/wp\/v2\/posts"}],"about":[{"href":"https:\/\/radiogjilani.com\/index.php\/wp-json\/wp\/v2\/types\/post"}],"author":[{"embeddable":true,"href":"https:\/\/radiogjilani.com\/index.php\/wp-json\/wp\/v2\/users\/1"}],"replies":[{"embeddable":true,"href":"https:\/\/radiogjilani.com\/index.php\/wp-json\/wp\/v2\/comments?post=7110"}],"version-history":[{"count":0,"href":"https:\/\/radiogjilani.com\/index.php\/wp-json\/wp\/v2\/posts\/7110\/revisions"}],"wp:featuredmedia":[{"embeddable":true,"href":"https:\/\/radiogjilani.com\/index.php\/wp-json\/wp\/v2\/media\/7111"}],"wp:attachment":[{"href":"https:\/\/radiogjilani.com\/index.php\/wp-json\/wp\/v2\/media?parent=7110"}],"wp:term":[{"taxonomy":"category","embeddable":true,"href":"https:\/\/radiogjilani.com\/index.php\/wp-json\/wp\/v2\/categories?post=7110"},{"taxonomy":"post_tag","embeddable":true,"href":"https:\/\/radiogjilani.com\/index.php\/wp-json\/wp\/v2\/tags?post=7110"}],"curies":[{"name":"wp","href":"https:\/\/api.w.org\/{rel}","templated":true}]}}