{"id":7142,"date":"2024-07-30T07:19:12","date_gmt":"2024-07-30T07:19:12","guid":{"rendered":"https:\/\/radiogjilani.com\/index.php\/2024\/07\/30\/mpjd-ja-organizon-feste-per-mergaten-ne-kuader-te-25-vjetorit-te-clirimit\/"},"modified":"2024-07-30T07:19:12","modified_gmt":"2024-07-30T07:19:12","slug":"mpjd-ja-organizon-feste-per-mergaten-ne-kuader-te-25-vjetorit-te-clirimit","status":"publish","type":"post","link":"https:\/\/radiogjilani.com\/index.php\/2024\/07\/30\/mpjd-ja-organizon-feste-per-mergaten-ne-kuader-te-25-vjetorit-te-clirimit\/","title":{"rendered":"MPJD-ja organizon fest\u00eb p\u00ebr m\u00ebrgat\u00ebn n\u00eb kuad\u00ebr t\u00eb 25-vjetorit t\u00eb \u00e7lirimit"},"content":{"rendered":"<p>Ministria e Pun\u00ebve t\u00eb Jashtme dhe Diaspor\u00ebs, organizon fest\u00ebn \u201cFaleminderit m\u00ebrgat\u00eb\u201d n\u00eb kuad\u00ebr t\u00eb 25-vjetorit t\u00eb \u00e7lirimit t\u00eb Kosov\u00ebs. Ministria ka njoftuar se aktivitetet do t\u00eb fillojn\u00eb k\u00ebt\u00eb t\u00eb mart\u00eb nga ora 10:00 deri n\u00eb ora 23:00. \u201cQytetar\u00ebt do t\u00eb ken\u00eb rastin t\u00eb jen\u00eb pjes\u00eb e k\u00ebndeve t\u00eb shumta t\u00eb vendosura n\u00eb sheshin \u201cSk\u00ebnderbeu\u201d p\u00ebrmes t\u00eb cilave do t\u00eb promovohen produkte vendore, turizmi&#8230;<\/p>\n<p><a href=\"https:\/\/ekonomiaonline.com\/mpjd-ja-organizon-feste-per-mergaten-ne-kuader-te-25-vjetorit-te-clirimit\/\" rel=\"nofollow\">Source<\/a><\/p>\n","protected":false},"excerpt":{"rendered":"<p>Ministria e Pun\u00ebve t\u00eb Jashtme dhe Diaspor\u00ebs, organizon fest\u00ebn \u201cFaleminderit m\u00ebrgat\u00eb\u201d n\u00eb kuad\u00ebr t\u00eb 25-vjetorit t\u00eb \u00e7lirimit t\u00eb Kosov\u00ebs. Ministria ka njoftuar se aktivitetet do t\u00eb fillojn\u00eb k\u00ebt\u00eb t\u00eb mart\u00eb nga ora 10:00 deri n\u00eb ora 23:00. \u201cQytetar\u00ebt do t\u00eb ken\u00eb rastin t\u00eb jen\u00eb pjes\u00eb e k\u00ebndeve t\u00eb shumta t\u00eb vendosura n\u00eb sheshin \u201cSk\u00ebnderbeu\u201d p\u00ebrmes [&hellip;]<\/p>\n","protected":false},"author":1,"featured_media":7143,"comment_status":"open","ping_status":"open","sticky":false,"template":"","format":"standard","meta":{"footnotes":""},"categories":[19],"tags":[],"class_list":["post-7142","post","type-post","status-publish","format-standard","has-post-thumbnail","hentry","category-eko"],"_links":{"self":[{"href":"https:\/\/radiogjilani.com\/index.php\/wp-json\/wp\/v2\/posts\/7142","targetHints":{"allow":["GET"]}}],"collection":[{"href":"https:\/\/radiogjilani.com\/index.php\/wp-json\/wp\/v2\/posts"}],"about":[{"href":"https:\/\/radiogjilani.com\/index.php\/wp-json\/wp\/v2\/types\/post"}],"author":[{"embeddable":true,"href":"https:\/\/radiogjilani.com\/index.php\/wp-json\/wp\/v2\/users\/1"}],"replies":[{"embeddable":true,"href":"https:\/\/radiogjilani.com\/index.php\/wp-json\/wp\/v2\/comments?post=7142"}],"version-history":[{"count":0,"href":"https:\/\/radiogjilani.com\/index.php\/wp-json\/wp\/v2\/posts\/7142\/revisions"}],"wp:featuredmedia":[{"embeddable":true,"href":"https:\/\/radiogjilani.com\/index.php\/wp-json\/wp\/v2\/media\/7143"}],"wp:attachment":[{"href":"https:\/\/radiogjilani.com\/index.php\/wp-json\/wp\/v2\/media?parent=7142"}],"wp:term":[{"taxonomy":"category","embeddable":true,"href":"https:\/\/radiogjilani.com\/index.php\/wp-json\/wp\/v2\/categories?post=7142"},{"taxonomy":"post_tag","embeddable":true,"href":"https:\/\/radiogjilani.com\/index.php\/wp-json\/wp\/v2\/tags?post=7142"}],"curies":[{"name":"wp","href":"https:\/\/api.w.org\/{rel}","templated":true}]}}