{"id":7150,"date":"2024-07-30T07:19:08","date_gmt":"2024-07-30T07:19:08","guid":{"rendered":"https:\/\/radiogjilani.com\/index.php\/2024\/07\/30\/moti-sot-ne-kosove-2\/"},"modified":"2024-07-30T07:19:08","modified_gmt":"2024-07-30T07:19:08","slug":"moti-sot-ne-kosove-2","status":"publish","type":"post","link":"https:\/\/radiogjilani.com\/index.php\/2024\/07\/30\/moti-sot-ne-kosove-2\/","title":{"rendered":"Moti sot n\u00eb Kosov\u00eb"},"content":{"rendered":"<p>Instituti Hidrometeorologjik i Kosov\u00ebs ka njoftuar se t\u00eb mart\u00ebn do t\u00eb mbaj\u00eb mot kryesisht me diell dhe me vran\u00ebsira t\u00eb pakta. Temperaturat minimale pritet t\u00eb sillen mes 10-13 grad\u00eb celsius, e ato maksimalet nd\u00ebrmjet 27-30 grad\u00eb. IHMK-ja ka b\u00ebr\u00eb me dije se do t\u00eb fryj\u00eb er\u00eb n\u00eb drejtime t\u00eb ndryshme. Mot i ngjash\u00ebm pritet t\u00eb jet\u00eb edhe n\u00eb dit\u00ebt e tjera, ve\u00e7se pritet t\u00eb ket\u00eb ngritje t\u00eb temperaturave&#8230;<\/p>\n<p><a href=\"https:\/\/ekonomiaonline.com\/moti-sot-ne-kosove-147\/\" rel=\"nofollow\">Source<\/a><\/p>\n","protected":false},"excerpt":{"rendered":"<p>Instituti Hidrometeorologjik i Kosov\u00ebs ka njoftuar se t\u00eb mart\u00ebn do t\u00eb mbaj\u00eb mot kryesisht me diell dhe me vran\u00ebsira t\u00eb pakta. Temperaturat minimale pritet t\u00eb sillen mes 10-13 grad\u00eb celsius, e ato maksimalet nd\u00ebrmjet 27-30 grad\u00eb. IHMK-ja ka b\u00ebr\u00eb me dije se do t\u00eb fryj\u00eb er\u00eb n\u00eb drejtime t\u00eb ndryshme. Mot i ngjash\u00ebm pritet t\u00eb [&hellip;]<\/p>\n","protected":false},"author":1,"featured_media":7151,"comment_status":"open","ping_status":"open","sticky":false,"template":"","format":"standard","meta":{"footnotes":""},"categories":[19],"tags":[],"class_list":["post-7150","post","type-post","status-publish","format-standard","has-post-thumbnail","hentry","category-eko"],"_links":{"self":[{"href":"https:\/\/radiogjilani.com\/index.php\/wp-json\/wp\/v2\/posts\/7150","targetHints":{"allow":["GET"]}}],"collection":[{"href":"https:\/\/radiogjilani.com\/index.php\/wp-json\/wp\/v2\/posts"}],"about":[{"href":"https:\/\/radiogjilani.com\/index.php\/wp-json\/wp\/v2\/types\/post"}],"author":[{"embeddable":true,"href":"https:\/\/radiogjilani.com\/index.php\/wp-json\/wp\/v2\/users\/1"}],"replies":[{"embeddable":true,"href":"https:\/\/radiogjilani.com\/index.php\/wp-json\/wp\/v2\/comments?post=7150"}],"version-history":[{"count":0,"href":"https:\/\/radiogjilani.com\/index.php\/wp-json\/wp\/v2\/posts\/7150\/revisions"}],"wp:featuredmedia":[{"embeddable":true,"href":"https:\/\/radiogjilani.com\/index.php\/wp-json\/wp\/v2\/media\/7151"}],"wp:attachment":[{"href":"https:\/\/radiogjilani.com\/index.php\/wp-json\/wp\/v2\/media?parent=7150"}],"wp:term":[{"taxonomy":"category","embeddable":true,"href":"https:\/\/radiogjilani.com\/index.php\/wp-json\/wp\/v2\/categories?post=7150"},{"taxonomy":"post_tag","embeddable":true,"href":"https:\/\/radiogjilani.com\/index.php\/wp-json\/wp\/v2\/tags?post=7150"}],"curies":[{"name":"wp","href":"https:\/\/api.w.org\/{rel}","templated":true}]}}