{"id":7154,"date":"2024-07-30T07:19:06","date_gmt":"2024-07-30T07:19:06","guid":{"rendered":"https:\/\/radiogjilani.com\/index.php\/2024\/07\/30\/burgimi-i-perjetshem-rralle-i-ekzekutueshem-ne-kosove\/"},"modified":"2024-07-30T07:19:06","modified_gmt":"2024-07-30T07:19:06","slug":"burgimi-i-perjetshem-rralle-i-ekzekutueshem-ne-kosove","status":"publish","type":"post","link":"https:\/\/radiogjilani.com\/index.php\/2024\/07\/30\/burgimi-i-perjetshem-rralle-i-ekzekutueshem-ne-kosove\/","title":{"rendered":"Burgimi i p\u00ebrjetsh\u00ebm rrall\u00eb i ekzekutuesh\u00ebm n\u00eb Kosov\u00eb"},"content":{"rendered":"<p>D\u00ebnime me burgim t\u00eb p\u00ebrjetsh\u00ebm n\u00eb Kosov\u00eb u shqiptuan disa her\u00eb viteve t\u00eb fundit, e disa prej tyre ishin p\u00ebr vrasje t\u00eb grave. Por shumica prej tyre nuk kan\u00eb mbetur n\u00eb fuqi, pasi ato jan\u00eb ulur nga gjykata t\u00eb nivelit m\u00eb t\u00eb lart\u00eb sesa gjykatat themelore. Gjykata Themelore n\u00eb Ferizaj, \u00ebsht\u00eb e fundit q\u00eb shqiptoi d\u00ebnimin m\u00eb t\u00eb lart\u00eb q\u00eb parasheh Kodi Penal n\u00eb Kosov\u00eb. Ajo d\u00ebnoi dje me burgim t\u00eb p\u00ebrjetsh\u00ebm&#8230;<\/p>\n<p><a href=\"https:\/\/ekonomiaonline.com\/burgimi-i-perjetshem-rralle-i-ekzekutueshem-ne-kosove\/\" rel=\"nofollow\">Source<\/a><\/p>\n","protected":false},"excerpt":{"rendered":"<p>D\u00ebnime me burgim t\u00eb p\u00ebrjetsh\u00ebm n\u00eb Kosov\u00eb u shqiptuan disa her\u00eb viteve t\u00eb fundit, e disa prej tyre ishin p\u00ebr vrasje t\u00eb grave. Por shumica prej tyre nuk kan\u00eb mbetur n\u00eb fuqi, pasi ato jan\u00eb ulur nga gjykata t\u00eb nivelit m\u00eb t\u00eb lart\u00eb sesa gjykatat themelore. Gjykata Themelore n\u00eb Ferizaj, \u00ebsht\u00eb e fundit q\u00eb shqiptoi [&hellip;]<\/p>\n","protected":false},"author":1,"featured_media":7155,"comment_status":"open","ping_status":"open","sticky":false,"template":"","format":"standard","meta":{"footnotes":""},"categories":[19],"tags":[],"class_list":["post-7154","post","type-post","status-publish","format-standard","has-post-thumbnail","hentry","category-eko"],"_links":{"self":[{"href":"https:\/\/radiogjilani.com\/index.php\/wp-json\/wp\/v2\/posts\/7154","targetHints":{"allow":["GET"]}}],"collection":[{"href":"https:\/\/radiogjilani.com\/index.php\/wp-json\/wp\/v2\/posts"}],"about":[{"href":"https:\/\/radiogjilani.com\/index.php\/wp-json\/wp\/v2\/types\/post"}],"author":[{"embeddable":true,"href":"https:\/\/radiogjilani.com\/index.php\/wp-json\/wp\/v2\/users\/1"}],"replies":[{"embeddable":true,"href":"https:\/\/radiogjilani.com\/index.php\/wp-json\/wp\/v2\/comments?post=7154"}],"version-history":[{"count":0,"href":"https:\/\/radiogjilani.com\/index.php\/wp-json\/wp\/v2\/posts\/7154\/revisions"}],"wp:featuredmedia":[{"embeddable":true,"href":"https:\/\/radiogjilani.com\/index.php\/wp-json\/wp\/v2\/media\/7155"}],"wp:attachment":[{"href":"https:\/\/radiogjilani.com\/index.php\/wp-json\/wp\/v2\/media?parent=7154"}],"wp:term":[{"taxonomy":"category","embeddable":true,"href":"https:\/\/radiogjilani.com\/index.php\/wp-json\/wp\/v2\/categories?post=7154"},{"taxonomy":"post_tag","embeddable":true,"href":"https:\/\/radiogjilani.com\/index.php\/wp-json\/wp\/v2\/tags?post=7154"}],"curies":[{"name":"wp","href":"https:\/\/api.w.org\/{rel}","templated":true}]}}