{"id":7206,"date":"2024-07-31T08:24:24","date_gmt":"2024-07-31T08:24:24","guid":{"rendered":"https:\/\/radiogjilani.com\/index.php\/2024\/07\/31\/kurti-u-bene-10-vjet-qe-serbia-shpalli-sekret-shteteror-dokumentet-qe-tregojne-mizorite-e-kryera-ne-kosove\/"},"modified":"2024-07-31T08:24:24","modified_gmt":"2024-07-31T08:24:24","slug":"kurti-u-bene-10-vjet-qe-serbia-shpalli-sekret-shteteror-dokumentet-qe-tregojne-mizorite-e-kryera-ne-kosove","status":"publish","type":"post","link":"https:\/\/radiogjilani.com\/index.php\/2024\/07\/31\/kurti-u-bene-10-vjet-qe-serbia-shpalli-sekret-shteteror-dokumentet-qe-tregojne-mizorite-e-kryera-ne-kosove\/","title":{"rendered":"Kurti: U b\u00ebn\u00eb 10 vjet q\u00eb Serbia shpalli sekret shtet\u00ebror dokumentet q\u00eb tregojn\u00eb mizorit\u00eb e kryera n\u00eb Kosov\u00eb"},"content":{"rendered":"<p>Kryeministri i vendit, Albin Kurti, v\u00eb n\u00eb pah se para 10 vjet\u00ebsh Ministria e Mbrojtjes s\u00eb Serbis\u00eb shpalli sekret shtet\u00ebror dokumentet mbi veprimtarin\u00eb n\u00eb Kosov\u00eb t\u00eb Brigad\u00ebs s\u00eb Motorizuar t\u00eb 37-t\u00eb t\u00eb Ushtris\u00eb Jugosllave dhe se ky vendim i marr\u00eb m\u00eb 31 korrik 2014 pengon zbardhjen e s\u00eb v\u00ebrtet\u00ebs s\u00eb dhimbshme lidhur me vrasjet e civil\u00ebve shqiptar\u00eb dhe fshehjen e trupave t\u00eb tyre n\u00eb varreza masive n\u00eb&#8230;<\/p>\n<p><a href=\"https:\/\/ekonomiaonline.com\/kurti-u-bene-10-vjet-qe-serbia-shpalli-sekret-shteteror-dokumentet-qe-tregojne-mizorite-e-kryera-ne-kosove\/\" rel=\"nofollow\">Source<\/a><\/p>\n","protected":false},"excerpt":{"rendered":"<p>Kryeministri i vendit, Albin Kurti, v\u00eb n\u00eb pah se para 10 vjet\u00ebsh Ministria e Mbrojtjes s\u00eb Serbis\u00eb shpalli sekret shtet\u00ebror dokumentet mbi veprimtarin\u00eb n\u00eb Kosov\u00eb t\u00eb Brigad\u00ebs s\u00eb Motorizuar t\u00eb 37-t\u00eb t\u00eb Ushtris\u00eb Jugosllave dhe se ky vendim i marr\u00eb m\u00eb 31 korrik 2014 pengon zbardhjen e s\u00eb v\u00ebrtet\u00ebs s\u00eb dhimbshme lidhur me vrasjet e [&hellip;]<\/p>\n","protected":false},"author":1,"featured_media":7207,"comment_status":"open","ping_status":"open","sticky":false,"template":"","format":"standard","meta":{"footnotes":""},"categories":[19],"tags":[],"class_list":["post-7206","post","type-post","status-publish","format-standard","has-post-thumbnail","hentry","category-eko"],"_links":{"self":[{"href":"https:\/\/radiogjilani.com\/index.php\/wp-json\/wp\/v2\/posts\/7206","targetHints":{"allow":["GET"]}}],"collection":[{"href":"https:\/\/radiogjilani.com\/index.php\/wp-json\/wp\/v2\/posts"}],"about":[{"href":"https:\/\/radiogjilani.com\/index.php\/wp-json\/wp\/v2\/types\/post"}],"author":[{"embeddable":true,"href":"https:\/\/radiogjilani.com\/index.php\/wp-json\/wp\/v2\/users\/1"}],"replies":[{"embeddable":true,"href":"https:\/\/radiogjilani.com\/index.php\/wp-json\/wp\/v2\/comments?post=7206"}],"version-history":[{"count":0,"href":"https:\/\/radiogjilani.com\/index.php\/wp-json\/wp\/v2\/posts\/7206\/revisions"}],"wp:featuredmedia":[{"embeddable":true,"href":"https:\/\/radiogjilani.com\/index.php\/wp-json\/wp\/v2\/media\/7207"}],"wp:attachment":[{"href":"https:\/\/radiogjilani.com\/index.php\/wp-json\/wp\/v2\/media?parent=7206"}],"wp:term":[{"taxonomy":"category","embeddable":true,"href":"https:\/\/radiogjilani.com\/index.php\/wp-json\/wp\/v2\/categories?post=7206"},{"taxonomy":"post_tag","embeddable":true,"href":"https:\/\/radiogjilani.com\/index.php\/wp-json\/wp\/v2\/tags?post=7206"}],"curies":[{"name":"wp","href":"https:\/\/api.w.org\/{rel}","templated":true}]}}