{"id":7228,"date":"2024-07-31T08:25:08","date_gmt":"2024-07-31T08:25:08","guid":{"rendered":"https:\/\/radiogjilani.com\/index.php\/2024\/07\/31\/kina-denon-vrasjen-e-ismail-haniyeh\/"},"modified":"2024-07-31T08:25:08","modified_gmt":"2024-07-31T08:25:08","slug":"kina-denon-vrasjen-e-ismail-haniyeh","status":"publish","type":"post","link":"https:\/\/radiogjilani.com\/index.php\/2024\/07\/31\/kina-denon-vrasjen-e-ismail-haniyeh\/","title":{"rendered":"Kina d\u00ebnon vrasjen e Ismail Haniyeh"},"content":{"rendered":"<p>Kina kund\u00ebrshton dhe d\u00ebnon ashp\u00ebr vrasjen e liderit t\u00eb Hamasit, Ismail Haniyeh n\u00eb Iran.<\/p>\n<p>K\u00ebshtu ka b\u00ebr\u00eb me dije Ministria e Jashtme e Kin\u00ebs t\u00eb m\u00ebrkur\u00ebn e 31 korrikut.<\/p>\n<p>Shefi diplomatik i Pekinit ka th\u00ebn\u00eb se incidenti mund t\u00eb \u00e7oj\u00eb n\u00eb paq\u00ebndrueshm\u00ebri t\u00eb m\u00ebtejshme rajonale.<\/p>\n<p>Rusia e ka quajtur nj\u00eb \u201cvrasje politike t\u00eb paprecedente\u201d, nd\u00ebrsa Turqia, si nj\u00eb fitil p\u00ebr t\u00eb shp\u00ebrthyer nj\u00eb konflikt t\u00eb gjer\u00eb rajonal.<\/p>\n<div class=\"iframe-container\"><\/div>\n<p>Kan\u00eb qen\u00eb k\u00ebto reagimet e para n\u00eb nivele shtet\u00ebrore, sa i takon eliminimit q\u00eb iu b\u00eb Ismail Haniyeh n\u00eb Iran, nga nj\u00eb goditje izraelite, t\u00eb cil\u00ebn autoritetet hebreje ende nuk e kan\u00eb komentuar.<\/p>\n<p>Sipas Mosk\u00ebs, eliminimi i Haniyeh \u00ebsht\u00eb nj\u00eb vrasje e paprecedent\u00eb politike dhe nj\u00eb akt i patoleruesh\u00ebm nga ana e Izraelit.<\/p>\n<p>Nga ana tjet\u00ebr, Turqia e ka etiketuar k\u00ebt\u00eb si \u201cnj\u00eb ngjarje t\u00eb turpshme\u201d dhe nj\u00eb p\u00ebrpjekje p\u00ebr t\u00eb nisur nj\u00eb konflikt rajonal t\u00eb gjer\u00eb.<\/p>\n<p>\u201c\u00cbsht\u00eb zbuluar edhe nj\u00eb her\u00eb se qeveria e kryeministrit izraelit Benjamin Netanyahu nuk ka nd\u00ebrmend t\u00eb arrij\u00eb paqen\u201d, shtohet n\u00eb komentin e Turqis\u00eb.<\/p>\n<p>Nga ana tjet\u00ebr, edhe presidenti palestinez, Mahmoud Abbas, e ka quajtur vrasjen e Ismail Haniyeh, liderit politik t\u00eb Hamasit, \u201cnj\u00eb akt frikacak dhe nj\u00eb zhvillim t\u00eb rreziksh\u00ebm\u201d.<\/p>\n<p>Ai gjithashtu u b\u00ebri thirrje palestinez\u00ebve \u201ct\u00eb bashkohen, t\u00eb jen\u00eb t\u00eb duruesh\u00ebm dhe t\u00eb pal\u00ebkundur p\u00ebrball\u00eb pushtimit izraelit\u201d n\u00eb nj\u00eb deklarat\u00eb t\u00eb transmetuar nga agjencia shtet\u00ebrore e lajmeve Wafa.<\/p>\n<p>Autoriteti Palestinez i Abbasit qeveris Bregun Per\u00ebndimor me vet\u00ebqeverisje t\u00eb kufizuar dhe Izraeli ka kontrollin e p\u00ebrgjithsh\u00ebm.<\/p>\n<h5><strong>\u00c7far\u00eb ndodhi me Haniyeh?<\/strong><\/h5>\n<p>Grupimi terrorist Hamas ka b\u00ebr\u00eb me dije se lideri i saj, Ismail Haniyen, \u00ebsht\u00eb eliminuar n\u00eb Iran nga nj\u00eb sulm izraelit.<\/p>\n<p>N\u00eb nj\u00eb deklarat\u00eb t\u00eb l\u00ebshuar t\u00eb m\u00ebrkur\u00ebn n\u00eb m\u00ebngjes, Hamasi tha se Haniyeh u vra n\u00eb rezidenc\u00ebn e tij n\u00eb Teheran, gjat\u00eb nj\u00eb vizite p\u00ebr t\u00eb marr\u00eb pjes\u00eb n\u00eb inaugurimin e Presidentit Masoud Pezeshkian.<\/p>\n<p>Grupi palestinez, q\u00eb kontrollon Gaz\u00ebn, tha se Haniyeh \u201cu vra n\u00eb nj\u00eb sulm t\u00eb pabes\u00eb sionist\u201d.<\/p>\n<p>Grupi tha se ai kishte marr\u00eb pjes\u00eb n\u00eb ceremonin\u00eb e inaugurimit t\u00eb presidentit t\u00eb ri iranian Masoud Pezeshkian t\u00eb mart\u00ebn.<\/p>\n<p>\u201cL\u00ebvizja e Rezistenc\u00ebs Islamike Hamas vajton p\u00ebr popullin ton\u00eb t\u00eb madh palestinez, p\u00ebr kombin arab dhe islamik dhe p\u00ebr t\u00eb gjith\u00eb njer\u00ebzit e lir\u00eb t\u00eb bot\u00ebs\u201d, shtoi ajo.<\/p>\n<p>Shumica e lider\u00ebve t\u00eb Hamasit mbajn\u00eb nj\u00eb profil t\u00eb ul\u00ebt publik, nd\u00ebrsa t\u00eb tjer\u00eb kan\u00eb kaluar pjes\u00ebn m\u00eb t\u00eb madhe t\u00eb jet\u00ebs s\u00eb tyre duke iu shmangur tentativave p\u00ebr vrasje nga Izraeli.<\/p>\n<p>Korpusi i Gard\u00ebs Revolucionare Islamike t\u00eb Iranit (IRGC) nga ana tjet\u00ebr, ka shprehur ngush\u00ebllimet e saj pas vdekjes s\u00eb Ismail Haniyeh n\u00eb Teheran.<\/p>\n<p>Nj\u00eb deklarat\u00eb e shp\u00ebrndar\u00eb nga krahu i saj mediatik, Sepah news, tha se grupi po heton \u201cshkakun dhe dimensionet e incidentit\u201d dhe do t\u00eb njoftoj\u00eb rezultatin m\u00eb von\u00eb.<\/p>\n<p>Ai shtoi se Haniyeh dhe nj\u00eb nga truprojat e tij ishin \u201cmartirizuar\u201d.<\/p>\n<p>IRGC \u00ebsht\u00eb nj\u00eb forc\u00eb e madhe ushtarake, politike dhe ekonomike n\u00eb Iran, me lidhje t\u00eb ngushta me udh\u00ebheq\u00ebsin suprem, Ayatollah Ali Khamenei.<\/p>\n<p>Haniyeh ishte par\u00eb p\u00ebr her\u00eb t\u00eb fundit publikisht n\u00eb inaugurimin e presidentit iranian, Masoud Pezeshkian, t\u00eb mart\u00ebn. Ai takoi presidentin e ri si dhe liderin suprem t\u00eb Iranit, Ayatollah Ali Khamenei.<\/p>\n<p>Raportet thon\u00eb se gjat\u00eb takimit, presidenti i tha udh\u00ebheq\u00ebsit t\u00eb Hamasit se Irani do t\u00eb \u201cq\u00ebndronte pran\u00eb popullit palestinez\u201d, me Haniyeh duke fal\u00ebnderuar Iranin p\u00ebr \u201cpozit\u00ebn e tij t\u00eb nderuar\u201d.<\/p>\n<p>Vizita n\u00eb Iran p\u00ebr inaugurimin ishte paraqitja e fundit publike e Haniyeh.<\/p>\n<p>Instituti i Washingtonit p\u00ebr Politik\u00ebn e Lindjes s\u00eb Af\u00ebrt shkroi jav\u00ebt pas sulmeve t\u00eb Hamasit t\u00eb 7 tetorit, t\u00eb jasht\u00ebm se \u201cHamasi nuk do t\u00eb kishte qen\u00eb n\u00eb gjendje t\u00eb planifikonte dhe t\u00eb kryente nj\u00eb operacion t\u00eb till\u00eb pa trajnime shum\u00ebvje\u00e7are iraniane\u201d.<\/p>\n<p>Nj\u00eb zyrtar i lart\u00eb i Hamasit \u00ebsht\u00eb zotuar se grupi do t\u2019i p\u00ebrgjigjet vrasjes s\u00eb Haniyeh.<\/p>\n<p>Moussa Abu Marzouk e quajti bastisjen nj\u00eb \u201cakt frikacak q\u00eb nuk do t\u00eb mbetet i pand\u00ebshkuar\u201d, sipas kanalit televiziv Al-Aqsa, t\u00eb drejtuar nga Hamasi.<\/p>\n<p>Izraeli nuk ka l\u00ebshuar nj\u00eb deklarat\u00eb zyrtare p\u00ebr vdekjen e Haniyeh, por ka pasur reagime nga disa politikan\u00eb, si ministri i Trash\u00ebgimis\u00eb, Amichay Eliyahu, nj\u00eb an\u00ebtar i s\u00eb djatht\u00ebs ekstreme t\u00eb Izraelit.<\/p>\n<p>Ai shkroi n\u00eb X se vdekja e Haniyeh \u201ce b\u00ebn bot\u00ebn nj\u00eb vend m\u00eb t\u00eb mir\u00eb\u201d.<\/p>\n<p>Eliyahu e nis postimin e tij n\u00eb X, duke th\u00ebn\u00eb nga jasht\u00eb: \u201cKjo \u00ebsht\u00eb m\u00ebnyra e duhur p\u00ebr t\u00eb pastruar bot\u00ebn nga kjo f\u00eblliq\u00ebsi\u201d, p\u00ebrpara se t\u00eb vazhdoj\u00eb t\u00eb thot\u00eb \u201cjo m\u00eb marr\u00ebveshje imagjinare paqeje\/dor\u00ebzimi, jo m\u00eb m\u00ebshir\u00eb p\u00ebr k\u00ebta t\u00eb vdeksh\u00ebm\u201d.<\/p>\n<p>Ai gjithashtu thot\u00eb se \u201cdora e hekurt q\u00eb do t\u2019i godas\u00eb\u201d do \u201ct\u00eb forcoj\u00eb aft\u00ebsin\u00eb ton\u00eb p\u00ebr t\u00eb jetuar n\u00eb paqe me ata q\u00eb d\u00ebshirojn\u00eb paqen\u201d.<\/p>\n<p>Forcat e Mbrojtjes izraelite u kan\u00eb th\u00ebn\u00eb nd\u00ebrkoh\u00eb disa mediave \u2013 p\u00ebrfshir\u00eb CNN dhe televizionin e lajmeve Agence France-Presse \u2013 se nuk do t\u2019i p\u00ebrgjigjen raporteve t\u00eb mediave t\u00eb huaja p\u00ebr vdekjen e Haniyeh.<\/p>\n<p>Vdekja e Haniyeh vjen vet\u00ebm nj\u00eb or\u00eb pasi Izraeli pretendoi se vrau komandantin e lart\u00eb ushtarak t\u00eb Hezbollahut, nj\u00eb grup me baz\u00eb n\u00eb Liban, i mb\u00ebshtetur gjithashtu nga Irani.<\/p>\n<p>Izraeli tha se vrau Fuad Shukur n\u00eb nj\u00eb sulm ajror, si hakmarrje p\u00ebr nj\u00eb sulm me raketa n\u00eb Lart\u00ebsit\u00eb Golan t\u00eb pushtuara nga Izraeli n\u00eb fundjav\u00eb.<\/p>\n<p>Hezbollah mohoi \u00e7do p\u00ebrfshirje n\u00eb at\u00eb sulm \u2013 i cili vrau t\u00eb pakt\u00ebn 12 njer\u00ebz, kryesisht f\u00ebmij\u00eb \u2013 dhe ende nuk ka konfirmuar se Shukur vdiq n\u00eb sulmin n\u00eb Bejrut.<\/p>\n<p>Tensionet e fundit n\u00eb kufirin verior t\u00eb Izraelit kan\u00eb p\u00ebrshkall\u00ebzuar ndjesh\u00ebm frik\u00ebn p\u00ebr nj\u00eb luft\u00eb t\u00eb re n\u00eb rajon.<\/p>\n<p>The post <a rel=\"nofollow\" href=\"https:\/\/albanianpost.com\/kina-denon-vrasjen-e-ismail-haniyeh\/\">Kina d\u00ebnon vrasjen e Ismail Haniyeh<\/a> appeared first on <a rel=\"nofollow\" href=\"https:\/\/albanianpost.com\/\">Albanian Post<\/a>.<\/p>\n","protected":false},"excerpt":{"rendered":"<p>Kina kund\u00ebrshton dhe d\u00ebnon ashp\u00ebr vrasjen e liderit t\u00eb Hamasit, Ismail Haniyeh n\u00eb Iran. K\u00ebshtu ka b\u00ebr\u00eb me dije Ministria e Jashtme e Kin\u00ebs t\u00eb m\u00ebrkur\u00ebn e 31 korrikut. Shefi diplomatik i Pekinit ka th\u00ebn\u00eb se incidenti mund t\u00eb \u00e7oj\u00eb n\u00eb paq\u00ebndrueshm\u00ebri t\u00eb m\u00ebtejshme rajonale. Rusia e ka quajtur nj\u00eb \u201cvrasje politike t\u00eb paprecedente\u201d, nd\u00ebrsa [&hellip;]<\/p>\n","protected":false},"author":1,"featured_media":7229,"comment_status":"open","ping_status":"open","sticky":false,"template":"","format":"standard","meta":{"footnotes":""},"categories":[1],"tags":[],"class_list":["post-7228","post","type-post","status-publish","format-standard","has-post-thumbnail","hentry","category-uncategorized"],"_links":{"self":[{"href":"https:\/\/radiogjilani.com\/index.php\/wp-json\/wp\/v2\/posts\/7228","targetHints":{"allow":["GET"]}}],"collection":[{"href":"https:\/\/radiogjilani.com\/index.php\/wp-json\/wp\/v2\/posts"}],"about":[{"href":"https:\/\/radiogjilani.com\/index.php\/wp-json\/wp\/v2\/types\/post"}],"author":[{"embeddable":true,"href":"https:\/\/radiogjilani.com\/index.php\/wp-json\/wp\/v2\/users\/1"}],"replies":[{"embeddable":true,"href":"https:\/\/radiogjilani.com\/index.php\/wp-json\/wp\/v2\/comments?post=7228"}],"version-history":[{"count":0,"href":"https:\/\/radiogjilani.com\/index.php\/wp-json\/wp\/v2\/posts\/7228\/revisions"}],"wp:featuredmedia":[{"embeddable":true,"href":"https:\/\/radiogjilani.com\/index.php\/wp-json\/wp\/v2\/media\/7229"}],"wp:attachment":[{"href":"https:\/\/radiogjilani.com\/index.php\/wp-json\/wp\/v2\/media?parent=7228"}],"wp:term":[{"taxonomy":"category","embeddable":true,"href":"https:\/\/radiogjilani.com\/index.php\/wp-json\/wp\/v2\/categories?post=7228"},{"taxonomy":"post_tag","embeddable":true,"href":"https:\/\/radiogjilani.com\/index.php\/wp-json\/wp\/v2\/tags?post=7228"}],"curies":[{"name":"wp","href":"https:\/\/api.w.org\/{rel}","templated":true}]}}