{"id":7232,"date":"2024-07-31T08:25:47","date_gmt":"2024-07-31T08:25:47","guid":{"rendered":"https:\/\/radiogjilani.com\/index.php\/2024\/07\/31\/dramat-e-lidhjes-ndahen-lumbardhi-dhe-kaderi\/"},"modified":"2024-07-31T08:25:47","modified_gmt":"2024-07-31T08:25:47","slug":"dramat-e-lidhjes-ndahen-lumbardhi-dhe-kaderi","status":"publish","type":"post","link":"https:\/\/radiogjilani.com\/index.php\/2024\/07\/31\/dramat-e-lidhjes-ndahen-lumbardhi-dhe-kaderi\/","title":{"rendered":"Dramat e lidhjes: Ndahen Lumbardhi dhe Kaderi"},"content":{"rendered":"<p><em><strong>Melinda Ademi reagon ashp\u00ebr ndaj DJ n\u00eb koncert, video b\u00ebhet virale<\/strong><\/em><\/p>\n<p>Nj\u00eb video e k\u00ebng\u00ebtares s\u00eb njohur Melinda Ademi \u00ebsht\u00eb b\u00ebr\u00eb virale n\u00eb rrjet.<\/p>\n<p>Duke k\u00ebnduar n\u00eb nj\u00eb nga koncertet e saj, ajo ka reaguar ashp\u00ebr ndaj DJ-it t\u00eb saj.<\/p>\n<p>Shkak i k\u00ebsaj ishte nj\u00eb problemi teknik q\u00eb ndodhi gjat\u00eb performanc\u00ebs s\u00eb saj n\u00eb sken\u00eb, gj\u00eb e cila nuk u prit mir\u00eb nga k\u00ebng\u00ebtarja, ku e tregoi me revolt\u00ebn q\u00eb p\u00ebrcolli ku dhe fansat e pranish\u00ebm mbet\u00ebn t\u00eb shtangur.<\/p>\n<p>N\u00eb nerva e sip\u00ebr, nga video e publikuar nuk kuptohet qart\u00eb se me \u00e7far\u00eb fjal\u00ebsh i drejtohet.<\/p>\n<blockquote class=\"instagram-media\" data-instgrm-captioned=\"\" data-instgrm-permalink=\"https:\/\/www.instagram.com\/reel\/C-AgVdhtIh3\/?utm_source=ig_embed&#038;utm_campaign=loading\" data-instgrm-version=\"14\">\n<div>\n<p>\u00a0<\/p>\n<div>\n<div><\/div>\n<div>\n<div><\/div>\n<div><\/div>\n<\/div>\n<\/div>\n<div><\/div>\n<div><\/div>\n<div>\n<div>View this post on Instagram<\/div>\n<\/div>\n<div><\/div>\n<div>\n<div>\n<div><\/div>\n<div><\/div>\n<div><\/div>\n<\/div>\n<div>\n<div><\/div>\n<div><\/div>\n<\/div>\n<div>\n<div><\/div>\n<div><\/div>\n<div><\/div>\n<\/div>\n<\/div>\n<div>\n<div><\/div>\n<div><\/div>\n<\/div>\n<p>\u00a0<\/p>\n<p><a href=\"https:\/\/www.instagram.com\/reel\/C-AgVdhtIh3\/?utm_source=ig_embed&#038;utm_campaign=loading\" target=\"_blank\" rel=\"noopener\">A post shared by Gazeta Shqip (@gazeta_shqip)<\/a><\/p>\n<\/div>\n<\/blockquote>\n<ul class=\"op-related-articles\" title=\"Showtime\">\n<li><a href=\"https:\/\/gazetablic.com\/dramat-e-lidhjes-ndahen-lumbardhi-dhe-kaderipse-po-knon-serbisht-blerina-kllokoqi-flet-pas-komenteve-per-videon-ku-kendonte-kengen-e-dino-merlin\/\"><\/a><\/li>\n<li><a href=\"https:\/\/gazetablic.com\/mungese-respekti-vesa-vllasaliu-prish-raportet-me-alba-vukajn\/\"><\/a><\/li>\n<li><a href=\"https:\/\/gazetablic.com\/melinda-ademi-reagon-ashper-ndaj-dj-ne-koncert-video-behet-virale\/\"><\/a><\/li>\n<\/ul>\n<p>The post <a rel=\"nofollow\" href=\"https:\/\/gazetablic.com\/melinda-ademi-reagon-ashper-ndaj-dj-ne-koncert-video-behet-virale\/\">Melinda Ademi reagon ashp\u00ebr ndaj DJ n\u00eb koncert, video b\u00ebhet virale<\/a> appeared first on <a rel=\"nofollow\" href=\"https:\/\/gazetablic.com\/\">GazetaBlic<\/a>.<\/p>\n","protected":false},"excerpt":{"rendered":"<p>Melinda Ademi reagon ashp\u00ebr ndaj DJ n\u00eb koncert, video b\u00ebhet virale Nj\u00eb video e k\u00ebng\u00ebtares s\u00eb njohur Melinda Ademi \u00ebsht\u00eb b\u00ebr\u00eb virale n\u00eb rrjet. Duke k\u00ebnduar n\u00eb nj\u00eb nga koncertet e saj, ajo ka reaguar ashp\u00ebr ndaj DJ-it t\u00eb saj. Shkak i k\u00ebsaj ishte nj\u00eb problemi teknik q\u00eb ndodhi gjat\u00eb performanc\u00ebs s\u00eb saj n\u00eb sken\u00eb, [&hellip;]<\/p>\n","protected":false},"author":1,"featured_media":7233,"comment_status":"open","ping_status":"open","sticky":false,"template":"","format":"standard","meta":{"footnotes":""},"categories":[22],"tags":[],"class_list":["post-7232","post","type-post","status-publish","format-standard","has-post-thumbnail","hentry","category-showbiz"],"_links":{"self":[{"href":"https:\/\/radiogjilani.com\/index.php\/wp-json\/wp\/v2\/posts\/7232","targetHints":{"allow":["GET"]}}],"collection":[{"href":"https:\/\/radiogjilani.com\/index.php\/wp-json\/wp\/v2\/posts"}],"about":[{"href":"https:\/\/radiogjilani.com\/index.php\/wp-json\/wp\/v2\/types\/post"}],"author":[{"embeddable":true,"href":"https:\/\/radiogjilani.com\/index.php\/wp-json\/wp\/v2\/users\/1"}],"replies":[{"embeddable":true,"href":"https:\/\/radiogjilani.com\/index.php\/wp-json\/wp\/v2\/comments?post=7232"}],"version-history":[{"count":0,"href":"https:\/\/radiogjilani.com\/index.php\/wp-json\/wp\/v2\/posts\/7232\/revisions"}],"wp:featuredmedia":[{"embeddable":true,"href":"https:\/\/radiogjilani.com\/index.php\/wp-json\/wp\/v2\/media\/7233"}],"wp:attachment":[{"href":"https:\/\/radiogjilani.com\/index.php\/wp-json\/wp\/v2\/media?parent=7232"}],"wp:term":[{"taxonomy":"category","embeddable":true,"href":"https:\/\/radiogjilani.com\/index.php\/wp-json\/wp\/v2\/categories?post=7232"},{"taxonomy":"post_tag","embeddable":true,"href":"https:\/\/radiogjilani.com\/index.php\/wp-json\/wp\/v2\/tags?post=7232"}],"curies":[{"name":"wp","href":"https:\/\/api.w.org\/{rel}","templated":true}]}}