{"id":7242,"date":"2024-08-01T09:21:26","date_gmt":"2024-08-01T09:21:26","guid":{"rendered":"https:\/\/radiogjilani.com\/index.php\/2024\/08\/01\/telashet-me-paga-te-minatoreve-ne-trepce-qeveria-pret-ulje-te-shpenzimeve-e-rritje-te-prodhimit\/"},"modified":"2024-08-01T09:21:26","modified_gmt":"2024-08-01T09:21:26","slug":"telashet-me-paga-te-minatoreve-ne-trepce-qeveria-pret-ulje-te-shpenzimeve-e-rritje-te-prodhimit","status":"publish","type":"post","link":"https:\/\/radiogjilani.com\/index.php\/2024\/08\/01\/telashet-me-paga-te-minatoreve-ne-trepce-qeveria-pret-ulje-te-shpenzimeve-e-rritje-te-prodhimit\/","title":{"rendered":"Telashet me paga t\u00eb minator\u00ebve n\u00eb Trep\u00e7\u00eb, Qeveria pret ulje t\u00eb shpenzimeve e rritje t\u00eb prodhimit"},"content":{"rendered":"<p>Minator\u00ebt e minier\u00ebs s\u00eb Trep\u00e7\u00ebs kan\u00eb hyr\u00eb n\u00eb jav\u00ebn e dyt\u00eb t\u00eb grev\u00ebs p\u00ebr shkak se ende nuk i kan\u00eb marr\u00eb pagat p\u00ebr dy muajt e fundit. M\u00ebngjesin e dit\u00ebs s\u00eb djeshme, Sindikata e Pavarur e Minator\u00ebve t\u00eb Trep\u00e7\u00ebs mbajti takim me pun\u00ebtor\u00ebt e k\u00ebsaj nd\u00ebrmarrjeje, nd\u00ebrsa Bordi i Trep\u00e7\u00ebs theksoi se jan\u00eb n\u00eb komunikim t\u00eb vazhduesh\u00ebm me qeverin\u00eb p\u00ebr zgjidhjen e k\u00ebtij problemi. E sot nga Qeveria e Kosov\u00ebs&#8230;<\/p>\n<p><a href=\"https:\/\/ekonomiaonline.com\/telashet-me-paga-te-minatoreve-ne-trepce-qeveria-pret-ulje-te-shpenzimeve-e-rritje-te-prodhimit\/\" rel=\"nofollow\">Source<\/a><\/p>\n","protected":false},"excerpt":{"rendered":"<p>Minator\u00ebt e minier\u00ebs s\u00eb Trep\u00e7\u00ebs kan\u00eb hyr\u00eb n\u00eb jav\u00ebn e dyt\u00eb t\u00eb grev\u00ebs p\u00ebr shkak se ende nuk i kan\u00eb marr\u00eb pagat p\u00ebr dy muajt e fundit. M\u00ebngjesin e dit\u00ebs s\u00eb djeshme, Sindikata e Pavarur e Minator\u00ebve t\u00eb Trep\u00e7\u00ebs mbajti takim me pun\u00ebtor\u00ebt e k\u00ebsaj nd\u00ebrmarrjeje, nd\u00ebrsa Bordi i Trep\u00e7\u00ebs theksoi se jan\u00eb n\u00eb komunikim [&hellip;]<\/p>\n","protected":false},"author":1,"featured_media":7243,"comment_status":"open","ping_status":"open","sticky":false,"template":"","format":"standard","meta":{"footnotes":""},"categories":[19],"tags":[],"class_list":["post-7242","post","type-post","status-publish","format-standard","has-post-thumbnail","hentry","category-eko"],"_links":{"self":[{"href":"https:\/\/radiogjilani.com\/index.php\/wp-json\/wp\/v2\/posts\/7242","targetHints":{"allow":["GET"]}}],"collection":[{"href":"https:\/\/radiogjilani.com\/index.php\/wp-json\/wp\/v2\/posts"}],"about":[{"href":"https:\/\/radiogjilani.com\/index.php\/wp-json\/wp\/v2\/types\/post"}],"author":[{"embeddable":true,"href":"https:\/\/radiogjilani.com\/index.php\/wp-json\/wp\/v2\/users\/1"}],"replies":[{"embeddable":true,"href":"https:\/\/radiogjilani.com\/index.php\/wp-json\/wp\/v2\/comments?post=7242"}],"version-history":[{"count":0,"href":"https:\/\/radiogjilani.com\/index.php\/wp-json\/wp\/v2\/posts\/7242\/revisions"}],"wp:featuredmedia":[{"embeddable":true,"href":"https:\/\/radiogjilani.com\/index.php\/wp-json\/wp\/v2\/media\/7243"}],"wp:attachment":[{"href":"https:\/\/radiogjilani.com\/index.php\/wp-json\/wp\/v2\/media?parent=7242"}],"wp:term":[{"taxonomy":"category","embeddable":true,"href":"https:\/\/radiogjilani.com\/index.php\/wp-json\/wp\/v2\/categories?post=7242"},{"taxonomy":"post_tag","embeddable":true,"href":"https:\/\/radiogjilani.com\/index.php\/wp-json\/wp\/v2\/tags?post=7242"}],"curies":[{"name":"wp","href":"https:\/\/api.w.org\/{rel}","templated":true}]}}