{"id":7260,"date":"2024-08-01T09:22:05","date_gmt":"2024-08-01T09:22:05","guid":{"rendered":"https:\/\/radiogjilani.com\/index.php\/2024\/08\/01\/nita-shala-ambasadore-e-kosoves-ne-itali\/"},"modified":"2024-08-01T09:22:05","modified_gmt":"2024-08-01T09:22:05","slug":"nita-shala-ambasadore-e-kosoves-ne-itali","status":"publish","type":"post","link":"https:\/\/radiogjilani.com\/index.php\/2024\/08\/01\/nita-shala-ambasadore-e-kosoves-ne-itali\/","title":{"rendered":"Nita Shala ambasadore e Kosov\u00ebs n\u00eb Itali"},"content":{"rendered":"<p>Nita Shala nga e kjo e enjte do t\u00eb jet\u00eb ambasadore e Kosov\u00ebs n\u00eb Itali.<\/p>\n<p>Lajmi \u00ebsht\u00eb b\u00ebr\u00eb i ditur nga Ministrja e Pun\u00ebve t\u00eb Jashtme dhe Diaspor\u00ebs, Donika G\u00ebrvalla, p\u00ebrmes nj\u00eb postimi n\u00eb Facebook.<\/p>\n<p>\u201cNita Shala \u00ebsht\u00eb profesoresh\u00eb e s\u00eb drejt\u00ebs dhe avokate me eksperienc\u00eb t\u00eb gjer\u00eb profesionale n\u00eb institucione nd\u00ebrkomb\u00ebtare. Ajo mban titullin doktor shkencash n\u00eb drejt\u00ebsi nga Graduate Institute-Geneva dhe ka p\u00ebrfunduar studimet themelore n\u00eb Fakultetin Juridik t\u00eb Universitetit t\u00eb Prishtin\u00ebs, studimet master p\u00ebr drejt\u00ebsi penale n\u00eb Universitetin e Oxfordit dhe studime ekzekutive n\u00eb Harvard, Shkolla p\u00ebr Qeverisje Kennedy\u201d, shkroi kryediplomatja.<\/p>\n<p>Ajo theksoi se \u00ebsht\u00eb e bindur q\u00eb me Ambasadoren e Jasht\u00ebzakonshme dhe Fuqiplot\u00eb t\u00eb Kosov\u00ebs, Nita Shala, \u201cmarr\u00ebdh\u00ebniet tona nd\u00ebrshtet\u00ebrore me Italin\u00eb do t\u00eb sh\u00ebnojn\u00eb hapa t\u00eb ri t\u00eb zhvillimit dhe fuqizimit t\u00eb tyre\u201d.<\/p>\n<p>\t\t<i><\/i><ins data-dcm-landing-page-escapes=\"0\" data-dcm-click-tracker=\"https:\/\/track.adform.net\/C\/?bn=73199340;adfibeg=0;cdata=wY0ZHC8ypbQniOq3Sj8hschgQeJ3VY4zU1bO9ulaUP_iCMviXuI_n4RPYRHBxkqVPVtGasWBO2DsQ97SqeB3vafpodL8HlhSS5QNXFy9YSXxjmdMEY9WqD7eKsUQLet9dO-UMsCLM2opnkTpCdy6-w2;;CREFURL=https%3a%2f%2feuro-pixel.com%2ftest.php;C=1;cpdir=\" class=\"dcmads\" data-dcm-placement=\"N571601.4773204ALBANIANPOST.COM\/B32392692.399829096\" data-dcm-rendering-mode=\"iframe\" data-dcm-https-only=\"\" data-dcm-api-frameworks=\"[APIFRAMEWORKS]\" data-dcm-omid-partner=\"[OMIDPARTNER]\" data-dcm-gdpr-applies=\"gdpr=\" data-dcm-gdpr-consent=\"gdpr_consent=\" data-dcm-addtl-consent=\"addtl_consent=${ADDTL_CONSENT}\" data-dcm-ltd=\"false\" data-dcm-resettable-device-id=\"\" data-dcm-app-id=\"\" data-dcm-processed=\"y\"><\/p>\n<p>\t\t<\/ins><\/p>\n<p>Ambasada dhe ambasadorja Shala, potencoi ajo, \u201cdo t\u2019i sh\u00ebrbejn\u00eb me p\u00ebrkushtim m\u00ebrgat\u00ebs son\u00eb t\u00eb p\u00ebrqendruar n\u00eb Itali\u201d.<\/p>\n<p>N\u00eb fund, ajo fal\u00ebnderoi ambasadoren e deritanishme, Lendita Haxhitasim, p\u00ebr \u201ckontributin e saj t\u00eb \u00e7muar\u201d.<\/p>\n<\/p>\n<p>The post <a rel=\"nofollow\" href=\"https:\/\/albanianpost.com\/nita-shala-ambasadore-e-kosoves-ne-itali\/\">Nita Shala ambasadore e Kosov\u00ebs n\u00eb Itali<\/a> appeared first on <a rel=\"nofollow\" href=\"https:\/\/albanianpost.com\/\">Albanian Post<\/a>.<\/p>\n","protected":false},"excerpt":{"rendered":"<p>Nita Shala nga e kjo e enjte do t\u00eb jet\u00eb ambasadore e Kosov\u00ebs n\u00eb Itali. Lajmi \u00ebsht\u00eb b\u00ebr\u00eb i ditur nga Ministrja e Pun\u00ebve t\u00eb Jashtme dhe Diaspor\u00ebs, Donika G\u00ebrvalla, p\u00ebrmes nj\u00eb postimi n\u00eb Facebook. \u201cNita Shala \u00ebsht\u00eb profesoresh\u00eb e s\u00eb drejt\u00ebs dhe avokate me eksperienc\u00eb t\u00eb gjer\u00eb profesionale n\u00eb institucione nd\u00ebrkomb\u00ebtare. Ajo mban titullin [&hellip;]<\/p>\n","protected":false},"author":1,"featured_media":7261,"comment_status":"open","ping_status":"open","sticky":false,"template":"","format":"standard","meta":{"footnotes":""},"categories":[1],"tags":[],"class_list":["post-7260","post","type-post","status-publish","format-standard","has-post-thumbnail","hentry","category-uncategorized"],"_links":{"self":[{"href":"https:\/\/radiogjilani.com\/index.php\/wp-json\/wp\/v2\/posts\/7260","targetHints":{"allow":["GET"]}}],"collection":[{"href":"https:\/\/radiogjilani.com\/index.php\/wp-json\/wp\/v2\/posts"}],"about":[{"href":"https:\/\/radiogjilani.com\/index.php\/wp-json\/wp\/v2\/types\/post"}],"author":[{"embeddable":true,"href":"https:\/\/radiogjilani.com\/index.php\/wp-json\/wp\/v2\/users\/1"}],"replies":[{"embeddable":true,"href":"https:\/\/radiogjilani.com\/index.php\/wp-json\/wp\/v2\/comments?post=7260"}],"version-history":[{"count":0,"href":"https:\/\/radiogjilani.com\/index.php\/wp-json\/wp\/v2\/posts\/7260\/revisions"}],"wp:featuredmedia":[{"embeddable":true,"href":"https:\/\/radiogjilani.com\/index.php\/wp-json\/wp\/v2\/media\/7261"}],"wp:attachment":[{"href":"https:\/\/radiogjilani.com\/index.php\/wp-json\/wp\/v2\/media?parent=7260"}],"wp:term":[{"taxonomy":"category","embeddable":true,"href":"https:\/\/radiogjilani.com\/index.php\/wp-json\/wp\/v2\/categories?post=7260"},{"taxonomy":"post_tag","embeddable":true,"href":"https:\/\/radiogjilani.com\/index.php\/wp-json\/wp\/v2\/tags?post=7260"}],"curies":[{"name":"wp","href":"https:\/\/api.w.org\/{rel}","templated":true}]}}