{"id":7262,"date":"2024-08-01T09:22:04","date_gmt":"2024-08-01T09:22:04","guid":{"rendered":"https:\/\/radiogjilani.com\/index.php\/2024\/08\/01\/selmanaj-lvv-solli-ndryshimin-ne-kosove-por-per-te-keq\/"},"modified":"2024-08-01T09:22:04","modified_gmt":"2024-08-01T09:22:04","slug":"selmanaj-lvv-solli-ndryshimin-ne-kosove-por-per-te-keq","status":"publish","type":"post","link":"https:\/\/radiogjilani.com\/index.php\/2024\/08\/01\/selmanaj-lvv-solli-ndryshimin-ne-kosove-por-per-te-keq\/","title":{"rendered":"Selmanaj: LVV solli ndryshimin n\u00eb Kosov\u00eb, por p\u00ebr t\u00eb keq"},"content":{"rendered":"<p>Deputeti i Lidhjes Demokratike t\u00eb Kosov\u00ebs, Driton Selmanaj, ka potencuar se partia n\u00eb pushtet L\u00ebvizja Vet\u00ebvendosje ka sjell\u00eb ndryshim n\u00eb Kosov\u00eb, por p\u00ebr t\u00eb keq.<\/p>\n<p>N\u00ebp\u00ebrmjet nj\u00eb postimi n\u00eb platform\u00ebn sociale, Facebook, Selmanaj nd\u00ebrsa ka kujtuar sloganin e LVV-s\u00eb sa ishte n\u00eb opozit\u00eb: \u201cNuk jemi si ata\u201d. \u201cNe jemi ndryshimi\u201d, ka theksuar disa nga skandalet dhe d\u00ebmet q\u00eb kjo parti i ka shkaktuar vendit p\u00ebr 3 vjet e gjysm\u00eb n\u00eb ekzekutiv.<\/p>\n<p>\u201cJu jeni ndryshe, sepse askush si ju nuk e ka shkelur Kushtetut\u00ebn kaq shum\u00eb her\u00eb. Ju jeni ndryshe, sepse prishni raportet me aleatin ton\u00eb jetik. Ju jeni ndryshe, sepse vet\u00ebm ju tash e 400 dit\u00eb e keni vendosur Kosov\u00ebn n\u00ebn sanksione nga BE. Ju jeni ndryshe, sepse vet\u00ebm ju vidhni n\u00eb rezervat shtet\u00ebrore (magjen e shtetit)\u201d, ka shkruar ai.<\/p>\n<p>Sipas Selmanajt LVV-ja v\u00ebrtet\u00eb \u00ebsht\u00eb ndryshe meq\u00eb askush nuk mund t\u00eb jet\u00eb \u201ckaq e d\u00ebmsh\u00ebm sa k\u00ebta\u201d.<\/p>\n<p>\t\t<i><\/i><ins data-dcm-landing-page-escapes=\"0\" data-dcm-click-tracker=\"https:\/\/track.adform.net\/C\/?bn=73199340;adfibeg=0;cdata=wY0ZHC8ypbQniOq3Sj8hschgQeJ3VY4zU1bO9ulaUP_iCMviXuI_n4RPYRHBxkqVPVtGasWBO2DsQ97SqeB3vafpodL8HlhSS5QNXFy9YSXxjmdMEY9WqD7eKsUQLet9dO-UMsCLM2opnkTpCdy6-w2;;CREFURL=https%3a%2f%2feuro-pixel.com%2ftest.php;C=1;cpdir=\" class=\"dcmads\" data-dcm-placement=\"N571601.4773204ALBANIANPOST.COM\/B32392692.399829096\" data-dcm-rendering-mode=\"iframe\" data-dcm-https-only=\"\" data-dcm-api-frameworks=\"[APIFRAMEWORKS]\" data-dcm-omid-partner=\"[OMIDPARTNER]\" data-dcm-gdpr-applies=\"gdpr=\" data-dcm-gdpr-consent=\"gdpr_consent=\" data-dcm-addtl-consent=\"addtl_consent=${ADDTL_CONSENT}\" data-dcm-ltd=\"false\" data-dcm-resettable-device-id=\"\" data-dcm-app-id=\"\" data-dcm-processed=\"y\"><\/p>\n<p>\t\t<\/ins><\/p>\n<p>\u201cJu jeni ndryshe, sepse vet\u00ebm ju n\u00ebnshkruni dhe abuzoni me mbi 240 milion\u00eb euro kontrata sekrete. Ju jeni ndryshe, sepse vjedhni n\u00eb tekstet shkollore p\u00ebr f\u00ebmij\u00eb. Ju jeni ndryshe, sepse vet\u00ebm ju em\u00ebroni ambasador\u00eb q\u00eb marrin para nga Beogradi. Ju jeni ndryshe, sepse e pranuat autonomin\u00eb politike dhe territoriale p\u00ebr serb\u00ebt e Kosov\u00ebs. Ju jeni ndryshe, sepse glorifikoni kriminel lufte si Oliver Ivanovi\u00e7 dhe figura kontraverse si Zoran Gjin\u00e7i\u00e7\u201d.<\/p>\n<p>Selmanaj ka akuzuar qeverin\u00eb se n\u00eb k\u00ebto tri vjet e gjysm\u00eb n\u00eb ekzekutiv ka instaluar diktatur\u00eb n\u00eb Kosov\u00eb.<\/p>\n<p>\u201cJu jeni ndryshe, sepse vet\u00ebm juve Dejona mund t\u2019ju urdh\u00ebroj\u00eb dhe t\u2019ju tregoj\u00eb \u00e7far\u00eb t\u00eb flisni. Ju jeni ndryshe, sepse vet\u00ebm ju e duroni bashk\u00ebpun\u00ebtoren e Radoj\u00e7iqit p\u00ebr shefe t\u00eb grupit parlamentar. Ju jeni ndryshe, sepse vet\u00ebm ju sulmoni mediat, vet\u00ebm pse ato shfaqin d\u00ebshtimin tuaj. V\u00ebrtet, ju jeni ndryshe, sepse askush nuk mund t\u00eb jet\u00eb kaq i keq sa ju\u201d.<\/p>\n<p>Megjithat\u00eb n\u00eb vler\u00ebsimin e tij p\u00ebr k\u00ebt\u00eb keq-qeverisje populli i Kosov\u00ebs do ta d\u00ebnoj\u00eb LVV-n\u00eb me vot\u00eb.<\/p>\n<p>The post <a rel=\"nofollow\" href=\"https:\/\/albanianpost.com\/selmanaj-lvv-solli-ndryshimin-ne-kosove-por-per-te-keq\/\">Selmanaj: LVV solli ndryshimin n\u00eb Kosov\u00eb, por p\u00ebr t\u00eb keq<\/a> appeared first on <a rel=\"nofollow\" href=\"https:\/\/albanianpost.com\/\">Albanian Post<\/a>.<\/p>\n","protected":false},"excerpt":{"rendered":"<p>Deputeti i Lidhjes Demokratike t\u00eb Kosov\u00ebs, Driton Selmanaj, ka potencuar se partia n\u00eb pushtet L\u00ebvizja Vet\u00ebvendosje ka sjell\u00eb ndryshim n\u00eb Kosov\u00eb, por p\u00ebr t\u00eb keq. N\u00ebp\u00ebrmjet nj\u00eb postimi n\u00eb platform\u00ebn sociale, Facebook, Selmanaj nd\u00ebrsa ka kujtuar sloganin e LVV-s\u00eb sa ishte n\u00eb opozit\u00eb: \u201cNuk jemi si ata\u201d. \u201cNe jemi ndryshimi\u201d, ka theksuar disa nga skandalet [&hellip;]<\/p>\n","protected":false},"author":1,"featured_media":7263,"comment_status":"open","ping_status":"open","sticky":false,"template":"","format":"standard","meta":{"footnotes":""},"categories":[1],"tags":[],"class_list":["post-7262","post","type-post","status-publish","format-standard","has-post-thumbnail","hentry","category-uncategorized"],"_links":{"self":[{"href":"https:\/\/radiogjilani.com\/index.php\/wp-json\/wp\/v2\/posts\/7262","targetHints":{"allow":["GET"]}}],"collection":[{"href":"https:\/\/radiogjilani.com\/index.php\/wp-json\/wp\/v2\/posts"}],"about":[{"href":"https:\/\/radiogjilani.com\/index.php\/wp-json\/wp\/v2\/types\/post"}],"author":[{"embeddable":true,"href":"https:\/\/radiogjilani.com\/index.php\/wp-json\/wp\/v2\/users\/1"}],"replies":[{"embeddable":true,"href":"https:\/\/radiogjilani.com\/index.php\/wp-json\/wp\/v2\/comments?post=7262"}],"version-history":[{"count":0,"href":"https:\/\/radiogjilani.com\/index.php\/wp-json\/wp\/v2\/posts\/7262\/revisions"}],"wp:featuredmedia":[{"embeddable":true,"href":"https:\/\/radiogjilani.com\/index.php\/wp-json\/wp\/v2\/media\/7263"}],"wp:attachment":[{"href":"https:\/\/radiogjilani.com\/index.php\/wp-json\/wp\/v2\/media?parent=7262"}],"wp:term":[{"taxonomy":"category","embeddable":true,"href":"https:\/\/radiogjilani.com\/index.php\/wp-json\/wp\/v2\/categories?post=7262"},{"taxonomy":"post_tag","embeddable":true,"href":"https:\/\/radiogjilani.com\/index.php\/wp-json\/wp\/v2\/tags?post=7262"}],"curies":[{"name":"wp","href":"https:\/\/api.w.org\/{rel}","templated":true}]}}