{"id":7288,"date":"2024-08-02T09:31:15","date_gmt":"2024-08-02T09:31:15","guid":{"rendered":"https:\/\/radiogjilani.com\/index.php\/2024\/08\/02\/kurti-largohet-nga-qeveria-pa-e-thene-asnje-fjale-pas-takimit-me-ambasadoret\/"},"modified":"2024-08-02T09:31:15","modified_gmt":"2024-08-02T09:31:15","slug":"kurti-largohet-nga-qeveria-pa-e-thene-asnje-fjale-pas-takimit-me-ambasadoret","status":"publish","type":"post","link":"https:\/\/radiogjilani.com\/index.php\/2024\/08\/02\/kurti-largohet-nga-qeveria-pa-e-thene-asnje-fjale-pas-takimit-me-ambasadoret\/","title":{"rendered":"Kurti largohet nga Qeveria pa e th\u00ebn\u00eb asnj\u00eb fjal\u00eb pas takimit me ambasador\u00ebt"},"content":{"rendered":"<p>Kryeministri i Kosov\u00ebs, Albin Kurti \u00ebsht\u00eb par\u00eb duke dal\u00eb nga objekti i Qeveris\u00eb s\u00eb Kosov\u00ebs, pas takimit q\u00eb ka mbajtur me ambasador\u00ebt e QUINTI-t, raporton Ekonomia Online. Por kryeministri Kurti si shpesh her\u00eb edhe sot zgjodhi q\u00eb t\u00eb mos e thot\u00eb asnj\u00eb fjal\u00eb. Duke dal\u00eb nga Qeveria u pan\u00eb edhe z\u00ebvend\u00ebskryeministri Besnik Bislimi e ministri i Pun\u00ebve t\u00eb Brendshme, Xhelal Sve\u00e7la. Kurti nuk deshi t\u00eb&#8230;<\/p>\n<p><a href=\"https:\/\/ekonomiaonline.com\/kurti-largohet-nga-qeveria-pa-e-thene-asnje-fjale-pas-takimit-me-ambasadoret\/\" rel=\"nofollow\">Source<\/a><\/p>\n","protected":false},"excerpt":{"rendered":"<p>Kryeministri i Kosov\u00ebs, Albin Kurti \u00ebsht\u00eb par\u00eb duke dal\u00eb nga objekti i Qeveris\u00eb s\u00eb Kosov\u00ebs, pas takimit q\u00eb ka mbajtur me ambasador\u00ebt e QUINTI-t, raporton Ekonomia Online. Por kryeministri Kurti si shpesh her\u00eb edhe sot zgjodhi q\u00eb t\u00eb mos e thot\u00eb asnj\u00eb fjal\u00eb. Duke dal\u00eb nga Qeveria u pan\u00eb edhe z\u00ebvend\u00ebskryeministri Besnik Bislimi e ministri [&hellip;]<\/p>\n","protected":false},"author":1,"featured_media":7289,"comment_status":"open","ping_status":"open","sticky":false,"template":"","format":"standard","meta":{"footnotes":""},"categories":[19],"tags":[],"class_list":["post-7288","post","type-post","status-publish","format-standard","has-post-thumbnail","hentry","category-eko"],"_links":{"self":[{"href":"https:\/\/radiogjilani.com\/index.php\/wp-json\/wp\/v2\/posts\/7288","targetHints":{"allow":["GET"]}}],"collection":[{"href":"https:\/\/radiogjilani.com\/index.php\/wp-json\/wp\/v2\/posts"}],"about":[{"href":"https:\/\/radiogjilani.com\/index.php\/wp-json\/wp\/v2\/types\/post"}],"author":[{"embeddable":true,"href":"https:\/\/radiogjilani.com\/index.php\/wp-json\/wp\/v2\/users\/1"}],"replies":[{"embeddable":true,"href":"https:\/\/radiogjilani.com\/index.php\/wp-json\/wp\/v2\/comments?post=7288"}],"version-history":[{"count":0,"href":"https:\/\/radiogjilani.com\/index.php\/wp-json\/wp\/v2\/posts\/7288\/revisions"}],"wp:featuredmedia":[{"embeddable":true,"href":"https:\/\/radiogjilani.com\/index.php\/wp-json\/wp\/v2\/media\/7289"}],"wp:attachment":[{"href":"https:\/\/radiogjilani.com\/index.php\/wp-json\/wp\/v2\/media?parent=7288"}],"wp:term":[{"taxonomy":"category","embeddable":true,"href":"https:\/\/radiogjilani.com\/index.php\/wp-json\/wp\/v2\/categories?post=7288"},{"taxonomy":"post_tag","embeddable":true,"href":"https:\/\/radiogjilani.com\/index.php\/wp-json\/wp\/v2\/tags?post=7288"}],"curies":[{"name":"wp","href":"https:\/\/api.w.org\/{rel}","templated":true}]}}