{"id":7292,"date":"2024-08-02T09:31:13","date_gmt":"2024-08-02T09:31:13","guid":{"rendered":"https:\/\/radiogjilani.com\/index.php\/2024\/08\/02\/per-here-te-pare-ne-kardiologji-kryhet-nje-rast-me-defekt-ne-murin-qe-ndan-dy-atriumet-e-zemres\/"},"modified":"2024-08-02T09:31:13","modified_gmt":"2024-08-02T09:31:13","slug":"per-here-te-pare-ne-kardiologji-kryhet-nje-rast-me-defekt-ne-murin-qe-ndan-dy-atriumet-e-zemres","status":"publish","type":"post","link":"https:\/\/radiogjilani.com\/index.php\/2024\/08\/02\/per-here-te-pare-ne-kardiologji-kryhet-nje-rast-me-defekt-ne-murin-qe-ndan-dy-atriumet-e-zemres\/","title":{"rendered":"P\u00ebr her\u00eb t\u00eb par\u00eb n\u00eb Kardiologji, kryhet nj\u00eb rast me defekt n\u00eb murin q\u00eb ndan dy atriumet e zemr\u00ebs"},"content":{"rendered":"<p>N\u00eb Klinik\u00ebn e Kardiologjis\u00eb t\u00eb Qendr\u00ebs Klinike dhe Universitare t\u00eb Kosov\u00ebs (QKUK), p\u00ebr her\u00eb t\u00eb par\u00eb \u00ebsht\u00eb b\u00ebr\u00eb mbyllja perkutane e defektit interatrial n\u00eb zem\u00ebr, n\u00ebn mbik\u00ebqyrjen e profesor Eustaquio Maria Onorato, me asistim edhe nga stafi i Klinik\u00ebs s\u00eb Anesteziologjis\u00eb. Kjo procedur\u00eb mjek\u00ebsore p\u00ebrdoret p\u00ebr t\u00eb mbyllur nj\u00eb defekt n\u00eb murin q\u00eb ndan dy atriumet e zemr\u00ebs (defekt interatrial).<\/p>\n<p><a href=\"https:\/\/ekonomiaonline.com\/per-here-te-pare-ne-kardiologji-kryhet-nje-rast-me-defekt-ne-murin-qe-ndan-dy-atriumet-e-zemres\/\" rel=\"nofollow\">Source<\/a><\/p>\n","protected":false},"excerpt":{"rendered":"<p>N\u00eb Klinik\u00ebn e Kardiologjis\u00eb t\u00eb Qendr\u00ebs Klinike dhe Universitare t\u00eb Kosov\u00ebs (QKUK), p\u00ebr her\u00eb t\u00eb par\u00eb \u00ebsht\u00eb b\u00ebr\u00eb mbyllja perkutane e defektit interatrial n\u00eb zem\u00ebr, n\u00ebn mbik\u00ebqyrjen e profesor Eustaquio Maria Onorato, me asistim edhe nga stafi i Klinik\u00ebs s\u00eb Anesteziologjis\u00eb. Kjo procedur\u00eb mjek\u00ebsore p\u00ebrdoret p\u00ebr t\u00eb mbyllur nj\u00eb defekt n\u00eb murin q\u00eb ndan dy [&hellip;]<\/p>\n","protected":false},"author":1,"featured_media":7293,"comment_status":"open","ping_status":"open","sticky":false,"template":"","format":"standard","meta":{"footnotes":""},"categories":[19],"tags":[],"class_list":["post-7292","post","type-post","status-publish","format-standard","has-post-thumbnail","hentry","category-eko"],"_links":{"self":[{"href":"https:\/\/radiogjilani.com\/index.php\/wp-json\/wp\/v2\/posts\/7292","targetHints":{"allow":["GET"]}}],"collection":[{"href":"https:\/\/radiogjilani.com\/index.php\/wp-json\/wp\/v2\/posts"}],"about":[{"href":"https:\/\/radiogjilani.com\/index.php\/wp-json\/wp\/v2\/types\/post"}],"author":[{"embeddable":true,"href":"https:\/\/radiogjilani.com\/index.php\/wp-json\/wp\/v2\/users\/1"}],"replies":[{"embeddable":true,"href":"https:\/\/radiogjilani.com\/index.php\/wp-json\/wp\/v2\/comments?post=7292"}],"version-history":[{"count":0,"href":"https:\/\/radiogjilani.com\/index.php\/wp-json\/wp\/v2\/posts\/7292\/revisions"}],"wp:featuredmedia":[{"embeddable":true,"href":"https:\/\/radiogjilani.com\/index.php\/wp-json\/wp\/v2\/media\/7293"}],"wp:attachment":[{"href":"https:\/\/radiogjilani.com\/index.php\/wp-json\/wp\/v2\/media?parent=7292"}],"wp:term":[{"taxonomy":"category","embeddable":true,"href":"https:\/\/radiogjilani.com\/index.php\/wp-json\/wp\/v2\/categories?post=7292"},{"taxonomy":"post_tag","embeddable":true,"href":"https:\/\/radiogjilani.com\/index.php\/wp-json\/wp\/v2\/tags?post=7292"}],"curies":[{"name":"wp","href":"https:\/\/api.w.org\/{rel}","templated":true}]}}