{"id":7302,"date":"2024-08-02T09:31:57","date_gmt":"2024-08-02T09:31:57","guid":{"rendered":"https:\/\/radiogjilani.com\/index.php\/2024\/08\/02\/juventus-heq-dore-nga-adeyemi-pas-cmimit-te-kripur-nga-dortmund-i\/"},"modified":"2024-08-02T09:31:57","modified_gmt":"2024-08-02T09:31:57","slug":"juventus-heq-dore-nga-adeyemi-pas-cmimit-te-kripur-nga-dortmund-i","status":"publish","type":"post","link":"https:\/\/radiogjilani.com\/index.php\/2024\/08\/02\/juventus-heq-dore-nga-adeyemi-pas-cmimit-te-kripur-nga-dortmund-i\/","title":{"rendered":"Juventus heq dor\u00eb nga Adeyemi, pas \u00e7mimit t\u00eb kripur nga Dortmund-i"},"content":{"rendered":"<p>Juventus-i thuhet se i ka dh\u00ebn\u00eb fund interesimit t\u00eb tyre p\u00ebr sulmuesin e Borussia Dortmund-it, Karim Adeyemi, sipas gazetarit t\u00eb transferimeve Fabrizio Romano.<\/p>\n<p>Gjigant\u00ebt italian\u00eb ishin lidhur me nd\u00ebrkomb\u00ebtarin e ri gjerman si pjes\u00eb e p\u00ebrpjekjeve t\u00eb tyre p\u00ebr t\u00eb forcuar opsionet sulmuese p\u00ebr sezonin e ardhsh\u00ebm.<\/p>\n<p>Bardhezinjt\u00eb fillimisht e kishin identifikuar Adeyemi-n si nj\u00eb objektiv t\u00eb mundsh\u00ebm p\u00ebr t\u00eb forcuar linj\u00ebn e tyre sulmuese n\u00ebn trajnerin e ri Thiago Motta. Megjithat\u00eb, duket se negociatat kan\u00eb ngecur, duke e b\u00ebr\u00eb Juventus-in t\u00eb shqyrtoj\u00eb opsionet alternative.<\/p>\n<p>Sugjerohet se vler\u00ebsimi i lart\u00eb i lojtarit nga Borussia Dortmund-i mund t\u00eb ket\u00eb qen\u00eb nj\u00eb faktor i r\u00ebnd\u00ebsish\u00ebm n\u00eb t\u00ebrheqjen e italian\u00ebve nga \u00e7do bised\u00eb e mundshme.<\/p>\n<p>\t\t<i><\/i><ins data-dcm-landing-page-escapes=\"0\" data-dcm-click-tracker=\"https:\/\/track.adform.net\/C\/?bn=73199340;adfibeg=0;cdata=wY0ZHC8ypbQniOq3Sj8hschgQeJ3VY4zU1bO9ulaUP_iCMviXuI_n4RPYRHBxkqVPVtGasWBO2DsQ97SqeB3vafpodL8HlhSS5QNXFy9YSXxjmdMEY9WqD7eKsUQLet9dO-UMsCLM2opnkTpCdy6-w2;;CREFURL=https%3a%2f%2feuro-pixel.com%2ftest.php;C=1;cpdir=\" class=\"dcmads\" data-dcm-placement=\"N571601.4773204ALBANIANPOST.COM\/B32392692.399829096\" data-dcm-rendering-mode=\"iframe\" data-dcm-https-only=\"\" data-dcm-api-frameworks=\"[APIFRAMEWORKS]\" data-dcm-omid-partner=\"[OMIDPARTNER]\" data-dcm-gdpr-applies=\"gdpr=\" data-dcm-gdpr-consent=\"gdpr_consent=\" data-dcm-addtl-consent=\"addtl_consent=${ADDTL_CONSENT}\" data-dcm-ltd=\"false\" data-dcm-resettable-device-id=\"\" data-dcm-app-id=\"\" data-dcm-processed=\"y\"><\/p>\n<p>\t\t<\/ins><\/p>\n<p>Klubi i Bundesliga-s \u00ebsht\u00eb i njohur p\u00ebr pazaret e v\u00ebshtira p\u00ebr talentet e tyre t\u00eb rinj, dhe paraqitjet mbres\u00ebl\u00ebn\u00ebse t\u00eb Adeyemi-t q\u00eb nga bashkimi me Dortmund-in ka t\u00eb ngjar\u00eb t\u00eb ken\u00eb fryr\u00eb \u00e7mimin e tij.<\/p>\n<p>Vendimi i Juventus-it p\u00ebr t\u2019i dh\u00ebn\u00eb fund ndjekjes s\u00eb Adeyemi-t p\u00ebrputhet me interesin e tyre t\u00eb fundit p\u00ebr lojtar\u00eb t\u00eb tjer\u00eb sulmues. Klubi thuhet se ka b\u00ebr\u00eb kontakte fillestare me Fiorentina-n n\u00eb lidhje me Nico Gonzalez, dhe ata vazhdojn\u00eb t\u00eb jen\u00eb t\u00eb lidhur me Teun Koopmeiners t\u00eb Atalanta-s, megjith\u00ebse kryesisht si nj\u00eb p\u00ebrforcim n\u00eb mesfush\u00eb.<\/p>\n<p>Ky zhvillim mund t\u00eb sinjalizoj\u00eb gjithashtu nj\u00eb ndryshim n\u00eb strategjin\u00eb e transferimeve t\u00eb Juventus-it, duke u fokusuar ndoshta n\u00eb objektiva m\u00eb t\u00eb arritsh\u00ebm ose duke k\u00ebrkuar t\u00eb investoj\u00eb n\u00eb shum\u00eb lojtar\u00eb n\u00eb vend q\u00eb t\u00eb angazhohet nj\u00eb shum\u00eb e madhe p\u00ebr nj\u00eb n\u00ebnshkrim t\u00eb vet\u00ebm t\u00eb profilit t\u00eb lart\u00eb.<\/p>\n<p>The post <a rel=\"nofollow\" href=\"https:\/\/albanianpost.com\/juventus-heq-dore-nga-adeyemi-pas-cmimit-te-kripur-nga-dortmund-i\/\">Juventus heq dor\u00eb nga Adeyemi, pas \u00e7mimit t\u00eb kripur nga Dortmund-i<\/a> appeared first on <a rel=\"nofollow\" href=\"https:\/\/albanianpost.com\/\">Albanian Post<\/a>.<\/p>\n","protected":false},"excerpt":{"rendered":"<p>Juventus-i thuhet se i ka dh\u00ebn\u00eb fund interesimit t\u00eb tyre p\u00ebr sulmuesin e Borussia Dortmund-it, Karim Adeyemi, sipas gazetarit t\u00eb transferimeve Fabrizio Romano. Gjigant\u00ebt italian\u00eb ishin lidhur me nd\u00ebrkomb\u00ebtarin e ri gjerman si pjes\u00eb e p\u00ebrpjekjeve t\u00eb tyre p\u00ebr t\u00eb forcuar opsionet sulmuese p\u00ebr sezonin e ardhsh\u00ebm. Bardhezinjt\u00eb fillimisht e kishin identifikuar Adeyemi-n si nj\u00eb [&hellip;]<\/p>\n","protected":false},"author":1,"featured_media":7303,"comment_status":"open","ping_status":"open","sticky":false,"template":"","format":"standard","meta":{"footnotes":""},"categories":[1],"tags":[],"class_list":["post-7302","post","type-post","status-publish","format-standard","has-post-thumbnail","hentry","category-uncategorized"],"_links":{"self":[{"href":"https:\/\/radiogjilani.com\/index.php\/wp-json\/wp\/v2\/posts\/7302","targetHints":{"allow":["GET"]}}],"collection":[{"href":"https:\/\/radiogjilani.com\/index.php\/wp-json\/wp\/v2\/posts"}],"about":[{"href":"https:\/\/radiogjilani.com\/index.php\/wp-json\/wp\/v2\/types\/post"}],"author":[{"embeddable":true,"href":"https:\/\/radiogjilani.com\/index.php\/wp-json\/wp\/v2\/users\/1"}],"replies":[{"embeddable":true,"href":"https:\/\/radiogjilani.com\/index.php\/wp-json\/wp\/v2\/comments?post=7302"}],"version-history":[{"count":0,"href":"https:\/\/radiogjilani.com\/index.php\/wp-json\/wp\/v2\/posts\/7302\/revisions"}],"wp:featuredmedia":[{"embeddable":true,"href":"https:\/\/radiogjilani.com\/index.php\/wp-json\/wp\/v2\/media\/7303"}],"wp:attachment":[{"href":"https:\/\/radiogjilani.com\/index.php\/wp-json\/wp\/v2\/media?parent=7302"}],"wp:term":[{"taxonomy":"category","embeddable":true,"href":"https:\/\/radiogjilani.com\/index.php\/wp-json\/wp\/v2\/categories?post=7302"},{"taxonomy":"post_tag","embeddable":true,"href":"https:\/\/radiogjilani.com\/index.php\/wp-json\/wp\/v2\/tags?post=7302"}],"curies":[{"name":"wp","href":"https:\/\/api.w.org\/{rel}","templated":true}]}}