{"id":7310,"date":"2024-08-02T09:31:53","date_gmt":"2024-08-02T09:31:53","guid":{"rendered":"https:\/\/radiogjilani.com\/index.php\/2024\/08\/02\/zjarret-ne-shqiperi-27-vatra-te-raportuara-ne-24-ore-18-jane-shuar\/"},"modified":"2024-08-02T09:31:53","modified_gmt":"2024-08-02T09:31:53","slug":"zjarret-ne-shqiperi-27-vatra-te-raportuara-ne-24-ore-18-jane-shuar","status":"publish","type":"post","link":"https:\/\/radiogjilani.com\/index.php\/2024\/08\/02\/zjarret-ne-shqiperi-27-vatra-te-raportuara-ne-24-ore-18-jane-shuar\/","title":{"rendered":"Zjarret n\u00eb Shqip\u00ebri: 27 vatra t\u00eb raportuara n\u00eb 24 or\u00eb, 18 jan\u00eb shuar"},"content":{"rendered":"<p>Ministria e Mbrojtjes ka publikuar raportin e fundit sa i takon situat\u00ebs me zjarre n\u00eb vend, ku 27 vatra jan\u00eb raportuar n\u00eb gjith\u00eb territorin dhe prej tyre, 18 jan\u00eb shuar plot\u00ebsisht.<\/p>\n<p>Vijojn\u00eb t\u00eb jen\u00eb aktive dit\u00ebn e sotme vatra e zjarrit midis fshatit Kakarriqit, nj\u00ebsia administrative Balldren, dhe fshatit Gjad\u00ebr, nj\u00ebsia administrative Daj\u00e7, bashkia Lezh\u00eb, zjarri n\u00eb fshatin Zavaline, bashkia Elbasan.<\/p>\n<p>N\u00eb nj\u00ebsin\u00eb administrative Gostim\u00eb, bashkia Elbasan po punohet p\u00ebr shuarjen e nj\u00eb tjet\u00ebr vatre. Ekipet e emergjencave vijojn\u00eb pun\u00ebn p\u00ebr shuarjen e vatrave edhe n\u00eb \u00a0zon\u00ebn pyjore Bode, bashkia Maliq, n\u00eb fshatin Kus, bashkia Tiran\u00eb, n\u00eb fshatin Mushnik, bashkia Rrogozhin\u00eb, n\u00eb fshatin Vorf\u00eb, bashkia Mal\u00ebsi e Madhe, n\u00eb fshatin Salari, bashkia Tepelen\u00eb si dhe n\u00eb parkun komb\u00ebtar Qafshtam\u00eb, bashkia Kruj\u00eb.<\/p>\n<p>Aktualisht vatrat nuk paraqesin rrezik p\u00ebr zona t\u00eb banuara.<\/p>\n<p>\t\t<i><\/i><ins data-dcm-landing-page-escapes=\"0\" data-dcm-click-tracker=\"https:\/\/track.adform.net\/C\/?bn=73199340;adfibeg=0;cdata=wY0ZHC8ypbQniOq3Sj8hschgQeJ3VY4zU1bO9ulaUP_iCMviXuI_n4RPYRHBxkqVPVtGasWBO2DsQ97SqeB3vafpodL8HlhSS5QNXFy9YSXxjmdMEY9WqD7eKsUQLet9dO-UMsCLM2opnkTpCdy6-w2;;CREFURL=https%3a%2f%2feuro-pixel.com%2ftest.php;C=1;cpdir=\" class=\"dcmads\" data-dcm-placement=\"N571601.4773204ALBANIANPOST.COM\/B32392692.399829096\" data-dcm-rendering-mode=\"iframe\" data-dcm-https-only=\"\" data-dcm-api-frameworks=\"[APIFRAMEWORKS]\" data-dcm-omid-partner=\"[OMIDPARTNER]\" data-dcm-gdpr-applies=\"gdpr=\" data-dcm-gdpr-consent=\"gdpr_consent=\" data-dcm-addtl-consent=\"addtl_consent=${ADDTL_CONSENT}\" data-dcm-ltd=\"false\" data-dcm-resettable-device-id=\"\" data-dcm-app-id=\"\" data-dcm-processed=\"y\"><\/p>\n<p>\t\t<\/ins><\/p>\n<p>N\u00eb operacionet p\u00ebr shuarjen e zjarreve n\u00eb 24 or\u00ebt e fundit jan\u00eb angazhuar 599 forca operacionale dhe 452 mjete.<\/p>\n<p>K\u00ebrkojm\u00eb nga t\u00eb gjitha institucionet dhe strukturat e sistemit t\u00eb mbrojtjes civile angazhimin e tyre maksimal p\u00ebr menaxhimin e situatave t\u00eb shkaktuara nga zjarret.<\/p>\n<p>Nga ana tjet\u00ebr, ministri i Mbrojtjes, Pirro V\u00ebngu, \u00ebsht\u00eb njohur nga af\u00ebr me veprimet bashk\u00ebrenduese t\u00eb Agjencis\u00eb Komb\u00ebtare t\u00eb Mbrojtjes Civile n\u00eb rang vendi dhe reagimin e t\u00eb gjitha forcave t\u00eb angazhuara pran\u00eb vatrave t\u00eb zjarreve n\u00eb k\u00ebto dit\u00eb me temperatura ekstreme.<\/p>\n<blockquote class=\"wp-embedded-content\" data-secret=\"cco7GjH1Ub\">\n<p><a href=\"https:\/\/albanianpost.com\/zjarret-vengu-lajmeron-modernizim-te-mjeteve-kerkon-ndergjegjesim-te-qytetareve\/\">Zjarret\/ V\u00ebngu lajm\u00ebron modernizim t\u00eb mjeteve, k\u00ebrkon nd\u00ebrgjegj\u00ebsim t\u00eb qytetar\u00ebve<\/a><\/p>\n<\/blockquote>\n<p>N\u00eb vizit\u00ebn e tij pran\u00eb Qendr\u00ebs Operacionale komb\u00ebtare t\u00eb Mbrojtjes Civile, V\u00ebngu e vuri theksin n\u00eb nevoj\u00ebn p\u00ebr t\u00eb siguruar identifikimin n\u00eb koh\u00eb reale t\u00eb vatrave dhe p\u00ebr t\u00eb pasur nj\u00eb reagim sa m\u00eb t\u00eb shpejt\u00eb ndaj situatave.<\/p>\n<p>\u201cModernizimi i mjeteve, sistemeve dhe pajisjeve n\u00eb funksion t\u00eb p\u00ebrballimit t\u00eb emergjencave n\u00eb \u00e7do bashki t\u00eb vendit\u00a0\u00ebsht\u00eb nj\u00eb p\u00ebrpar\u00ebsi dhe do t\u00eb vijojm\u00eb t\u00eb investojm\u00eb fuqish\u00ebm n\u00eb k\u00ebt\u00eb drejtim\u201d, theksoi V\u00ebngu duke n\u00ebnvij\u00ebzuar se \u201cAKMC \u00ebsht\u00eb nj\u00eb instrument n\u00eb\u00a0 dispozicion t\u00eb pushtetit vendor, dhe t\u00eb prefekt\u00ebve p\u00ebr t\u00eb angazhuar nj\u00eb gam\u00eb t\u00eb gjer\u00eb resursesh komb\u00ebtare dhe p\u00ebr t\u00eb pasur nj\u00eb menaxhim m\u00eb t\u00eb shpejt\u00eb t\u00eb situatave\u201d.<\/p>\n<p>Nj\u00eb aspekt tjet\u00ebr i mir\u00ebmenaxhimit t\u00eb emergjencave, \u00ebsht\u00eb edhe nd\u00ebrgjegj\u00ebsimi i banor\u00ebve dhe enteve p\u00ebrgjegj\u00ebse p\u00ebr marrjen e masave parandaluese.<\/p>\n<p>\u201cAgjencia Komb\u00ebtare e Mbrojtjes Civile do t\u00eb vijoj\u00eb t\u00eb investoj\u00eb n\u00eb rritjen e kapaciteteve t\u00eb personelit t\u00eb emergjencave t\u00eb Bashkive dhe nd\u00ebrgjegj\u00ebsimin e komuniteteve n\u00eb zonat me risk\u201d.<\/p>\n<p>\u201cDuhet t\u00eb kemi patjet\u00ebr n\u00eb v\u00ebmendje elementin parandalues dhe nd\u00ebrgjegj\u00ebsimin e komuniteteve p\u00ebr reagime t\u00eb caktuara p\u00ebrball\u00eb rreziqeve t\u00eb caktuara, at\u00ebher\u00eb edhe nd\u00ebrhyrja \u00ebsht\u00eb edhe m\u00eb e shpejt\u00eb dhe m\u00eb eficiente\u201d, p\u00ebrmbylli ministri.<\/p>\n<p>The post <a rel=\"nofollow\" href=\"https:\/\/albanianpost.com\/zjarret-ne-shqiperi-27-vatra-te-raportuara-ne-24-ore-18-jane-shuar\/\">Zjarret n\u00eb Shqip\u00ebri: 27 vatra t\u00eb raportuara n\u00eb 24 or\u00eb, 18 jan\u00eb shuar<\/a> appeared first on <a rel=\"nofollow\" href=\"https:\/\/albanianpost.com\/\">Albanian Post<\/a>.<\/p>\n","protected":false},"excerpt":{"rendered":"<p>Ministria e Mbrojtjes ka publikuar raportin e fundit sa i takon situat\u00ebs me zjarre n\u00eb vend, ku 27 vatra jan\u00eb raportuar n\u00eb gjith\u00eb territorin dhe prej tyre, 18 jan\u00eb shuar plot\u00ebsisht. Vijojn\u00eb t\u00eb jen\u00eb aktive dit\u00ebn e sotme vatra e zjarrit midis fshatit Kakarriqit, nj\u00ebsia administrative Balldren, dhe fshatit Gjad\u00ebr, nj\u00ebsia administrative Daj\u00e7, bashkia Lezh\u00eb, [&hellip;]<\/p>\n","protected":false},"author":1,"featured_media":7311,"comment_status":"open","ping_status":"open","sticky":false,"template":"","format":"standard","meta":{"footnotes":""},"categories":[1],"tags":[],"class_list":["post-7310","post","type-post","status-publish","format-standard","has-post-thumbnail","hentry","category-uncategorized"],"_links":{"self":[{"href":"https:\/\/radiogjilani.com\/index.php\/wp-json\/wp\/v2\/posts\/7310","targetHints":{"allow":["GET"]}}],"collection":[{"href":"https:\/\/radiogjilani.com\/index.php\/wp-json\/wp\/v2\/posts"}],"about":[{"href":"https:\/\/radiogjilani.com\/index.php\/wp-json\/wp\/v2\/types\/post"}],"author":[{"embeddable":true,"href":"https:\/\/radiogjilani.com\/index.php\/wp-json\/wp\/v2\/users\/1"}],"replies":[{"embeddable":true,"href":"https:\/\/radiogjilani.com\/index.php\/wp-json\/wp\/v2\/comments?post=7310"}],"version-history":[{"count":0,"href":"https:\/\/radiogjilani.com\/index.php\/wp-json\/wp\/v2\/posts\/7310\/revisions"}],"wp:featuredmedia":[{"embeddable":true,"href":"https:\/\/radiogjilani.com\/index.php\/wp-json\/wp\/v2\/media\/7311"}],"wp:attachment":[{"href":"https:\/\/radiogjilani.com\/index.php\/wp-json\/wp\/v2\/media?parent=7310"}],"wp:term":[{"taxonomy":"category","embeddable":true,"href":"https:\/\/radiogjilani.com\/index.php\/wp-json\/wp\/v2\/categories?post=7310"},{"taxonomy":"post_tag","embeddable":true,"href":"https:\/\/radiogjilani.com\/index.php\/wp-json\/wp\/v2\/tags?post=7310"}],"curies":[{"name":"wp","href":"https:\/\/api.w.org\/{rel}","templated":true}]}}