{"id":7316,"date":"2024-08-02T09:31:50","date_gmt":"2024-08-02T09:31:50","guid":{"rendered":"https:\/\/radiogjilani.com\/index.php\/2024\/08\/02\/shperthim-ne-veri-ska-te-lenduar\/"},"modified":"2024-08-02T09:31:50","modified_gmt":"2024-08-02T09:31:50","slug":"shperthim-ne-veri-ska-te-lenduar","status":"publish","type":"post","link":"https:\/\/radiogjilani.com\/index.php\/2024\/08\/02\/shperthim-ne-veri-ska-te-lenduar\/","title":{"rendered":"Shp\u00ebrthim n\u00eb Veri \u2013 s\u2019ka t\u00eb l\u00ebnduar"},"content":{"rendered":"<p>Policia e Kosov\u00ebs ka b\u00ebr\u00eb t\u00eb ditur se mbr\u00ebm\u00eb pas mesnate n\u00eb oborrin e nj\u00eb sht\u00ebpie n\u00eb fshatin Uglar t\u00eb Komun\u00ebs s\u00eb Zubin Potokut ka ndodhur nj\u00eb shp\u00ebrthim.<\/p>\n<p>Si pasoj\u00eb e k\u00ebtij shp\u00ebrthimi jan\u00eb shkaktuar d\u00ebme t\u00eb vogla materiale nd\u00ebrkoh\u00eb nuk ka t\u00eb l\u00ebnduar, ka njoftuar z\u00ebvend\u00ebsdrejtori i Policis\u00eb s\u00eb Kosov\u00ebs p\u00ebr rajonin e Veriut, Veton Elshani.<\/p>\n<p>\u201cKa pasur shp\u00ebrthim n\u00eb nj\u00eb oborr t\u00eb nj\u00eb sht\u00ebpie n\u00eb Uglare. D\u00ebme t\u00eb vogla materiale, nuk ka t\u00eb l\u00ebnduar. Policia ka dal n\u00eb vend t\u00eb ngjarjes me nj\u00ebsit adekuate dhe po merret me rastin\u201d, ka th\u00ebn\u00eb ai.<\/p>\n<p>Ndryshe dit\u00eb m\u00eb par\u00eb n\u00eb af\u00ebrsi t\u00eb Liqenit t\u00eb Ujmanit n\u00eb Veri t\u00eb Kosov\u00ebs \u00ebsht\u00eb shp\u00ebrthyer nj\u00eb granat dore nga persona t\u00eb panjohura, me \u00e7\u2019rast dy t\u00eb parkuara, nj\u00ebra me targa vendore dhe tjetra me targa amerikane, jan\u00eb d\u00ebmtuar.<\/p>\n<p>\t\t<i><\/i><ins data-dcm-landing-page-escapes=\"0\" data-dcm-click-tracker=\"https:\/\/track.adform.net\/C\/?bn=73199340;adfibeg=0;cdata=wY0ZHC8ypbQniOq3Sj8hschgQeJ3VY4zU1bO9ulaUP_iCMviXuI_n4RPYRHBxkqVPVtGasWBO2DsQ97SqeB3vafpodL8HlhSS5QNXFy9YSXxjmdMEY9WqD7eKsUQLet9dO-UMsCLM2opnkTpCdy6-w2;;CREFURL=https%3a%2f%2feuro-pixel.com%2ftest.php;C=1;cpdir=\" class=\"dcmads\" data-dcm-placement=\"N571601.4773204ALBANIANPOST.COM\/B32392692.399829096\" data-dcm-rendering-mode=\"iframe\" data-dcm-https-only=\"\" data-dcm-api-frameworks=\"[APIFRAMEWORKS]\" data-dcm-omid-partner=\"[OMIDPARTNER]\" data-dcm-gdpr-applies=\"gdpr=\" data-dcm-gdpr-consent=\"gdpr_consent=\" data-dcm-addtl-consent=\"addtl_consent=${ADDTL_CONSENT}\" data-dcm-ltd=\"false\" data-dcm-resettable-device-id=\"\" data-dcm-app-id=\"\" data-dcm-processed=\"y\"><\/p>\n<p>\t\t<\/ins><\/p>\n<p>Liqeni i Ujmanit \u00ebsht\u00eb b\u00ebr\u00eb pik\u00eb turistike p\u00ebr \u201cpushuesit\u201d kosovar\u00eb q\u00eb po shkojn\u00eb t\u00eb freskohen atje dit\u00ebve t\u00eb fundit.<\/p>\n<p>Nd\u00ebrkoh\u00eb zyrtar\u00eb t\u00eb L\u00ebvizjes Vet\u00ebvendosje kan\u00eb shfryt\u00ebzuar pamjet atje p\u00ebr agjenda partiake. Megjithat\u00eb, mbi ur\u00ebn e liqenit prezent jan\u00eb par\u00eb Nj\u00ebsiti Special i Policis\u00eb s\u00eb Kosov\u00ebs.<\/p>\n<p>The post <a rel=\"nofollow\" href=\"https:\/\/albanianpost.com\/shperthim-ne-veri-ska-te-lenduar\/\">Shp\u00ebrthim n\u00eb Veri \u2013 s\u2019ka t\u00eb l\u00ebnduar<\/a> appeared first on <a rel=\"nofollow\" href=\"https:\/\/albanianpost.com\/\">Albanian Post<\/a>.<\/p>\n","protected":false},"excerpt":{"rendered":"<p>Policia e Kosov\u00ebs ka b\u00ebr\u00eb t\u00eb ditur se mbr\u00ebm\u00eb pas mesnate n\u00eb oborrin e nj\u00eb sht\u00ebpie n\u00eb fshatin Uglar t\u00eb Komun\u00ebs s\u00eb Zubin Potokut ka ndodhur nj\u00eb shp\u00ebrthim. Si pasoj\u00eb e k\u00ebtij shp\u00ebrthimi jan\u00eb shkaktuar d\u00ebme t\u00eb vogla materiale nd\u00ebrkoh\u00eb nuk ka t\u00eb l\u00ebnduar, ka njoftuar z\u00ebvend\u00ebsdrejtori i Policis\u00eb s\u00eb Kosov\u00ebs p\u00ebr rajonin e Veriut, [&hellip;]<\/p>\n","protected":false},"author":1,"featured_media":7317,"comment_status":"open","ping_status":"open","sticky":false,"template":"","format":"standard","meta":{"footnotes":""},"categories":[1],"tags":[],"class_list":["post-7316","post","type-post","status-publish","format-standard","has-post-thumbnail","hentry","category-uncategorized"],"_links":{"self":[{"href":"https:\/\/radiogjilani.com\/index.php\/wp-json\/wp\/v2\/posts\/7316","targetHints":{"allow":["GET"]}}],"collection":[{"href":"https:\/\/radiogjilani.com\/index.php\/wp-json\/wp\/v2\/posts"}],"about":[{"href":"https:\/\/radiogjilani.com\/index.php\/wp-json\/wp\/v2\/types\/post"}],"author":[{"embeddable":true,"href":"https:\/\/radiogjilani.com\/index.php\/wp-json\/wp\/v2\/users\/1"}],"replies":[{"embeddable":true,"href":"https:\/\/radiogjilani.com\/index.php\/wp-json\/wp\/v2\/comments?post=7316"}],"version-history":[{"count":0,"href":"https:\/\/radiogjilani.com\/index.php\/wp-json\/wp\/v2\/posts\/7316\/revisions"}],"wp:featuredmedia":[{"embeddable":true,"href":"https:\/\/radiogjilani.com\/index.php\/wp-json\/wp\/v2\/media\/7317"}],"wp:attachment":[{"href":"https:\/\/radiogjilani.com\/index.php\/wp-json\/wp\/v2\/media?parent=7316"}],"wp:term":[{"taxonomy":"category","embeddable":true,"href":"https:\/\/radiogjilani.com\/index.php\/wp-json\/wp\/v2\/categories?post=7316"},{"taxonomy":"post_tag","embeddable":true,"href":"https:\/\/radiogjilani.com\/index.php\/wp-json\/wp\/v2\/tags?post=7316"}],"curies":[{"name":"wp","href":"https:\/\/api.w.org\/{rel}","templated":true}]}}