{"id":7318,"date":"2024-08-02T09:31:49","date_gmt":"2024-08-02T09:31:49","guid":{"rendered":"https:\/\/radiogjilani.com\/index.php\/2024\/08\/02\/fabian-ruiz-eshte-kthyer-ne-orbiten-e-real-madrid-it\/"},"modified":"2024-08-02T09:31:49","modified_gmt":"2024-08-02T09:31:49","slug":"fabian-ruiz-eshte-kthyer-ne-orbiten-e-real-madrid-it","status":"publish","type":"post","link":"https:\/\/radiogjilani.com\/index.php\/2024\/08\/02\/fabian-ruiz-eshte-kthyer-ne-orbiten-e-real-madrid-it\/","title":{"rendered":"Fabian Ruiz \u00ebsht\u00eb kthyer n\u00eb orbit\u00ebn e Real Madrid-it"},"content":{"rendered":"<p>Real Madrid mund t\u00eb jet\u00eb af\u00ebr mbylljes s\u00eb n\u00ebnshkrimit t\u00eb Fabian Ruiz, mesfushorit t\u00eb PSG-s\u00eb, i cili ka mahnitur me paraqitjen e tij n\u00eb sezonin e fundit, ve\u00e7an\u00ebrisht me skuadr\u00ebn spanjolle n\u00eb Euro 2024.<\/p>\n<p>Gjithmon\u00eb n\u00eb list\u00ebn e d\u00ebshirave t\u00eb Carlo Ancelotti-t, trajneri italian ka k\u00ebrkuar edhe nj\u00eb her\u00eb ardhjen e tij p\u00ebr t\u00eb p\u00ebrforcuar mesfush\u00ebn \u201cMerengue\u201d. Lojtari i talentuar andaluzian \u00ebsht\u00eb d\u00ebshmuar si nj\u00eb lojtar ky\u00e7 si n\u00eb klubin e tij ashtu edhe n\u00eb komb\u00ebtaren dhe transferimi i tij mund t\u00eb realizohet p\u00ebr nj\u00eb shif\u00ebr af\u00ebr 50 milion\u00eb eurove.<\/p>\n<p>Ruiz ka qen\u00eb nj\u00eb figur\u00eb e spikatur te PSG, ku aft\u00ebsia e tij p\u00ebr t\u00eb kontrolluar ritmin e loj\u00ebs dhe vizioni i tij n\u00eb fush\u00eb kan\u00eb qen\u00eb thelb\u00ebsore p\u00ebr skuadr\u00ebn pariziene.<\/p>\n<p>Performanca e tij me Spanj\u00ebn nuk ka kaluar pa u v\u00ebn\u00eb re, duke u vendosur si nj\u00eb nga mesfushor\u00ebt m\u00eb t\u00eb kompletuar n\u00eb futbollin europian. Mund\u00ebsia q\u00eb ai t\u2019i bashkohet Real Madrid-it ka krijuar pritshm\u00ebri t\u00eb madhe tek tifoz\u00ebt, t\u00eb cil\u00ebt e shohin at\u00eb si nj\u00eb shtes\u00eb t\u00eb shk\u00eblqyer p\u00ebr skuadr\u00ebn e Ancelotti-t.<\/p>\n<p>\t\t<i><\/i><ins data-dcm-landing-page-escapes=\"0\" data-dcm-click-tracker=\"https:\/\/track.adform.net\/C\/?bn=73199340;adfibeg=0;cdata=wY0ZHC8ypbQniOq3Sj8hschgQeJ3VY4zU1bO9ulaUP_iCMviXuI_n4RPYRHBxkqVPVtGasWBO2DsQ97SqeB3vafpodL8HlhSS5QNXFy9YSXxjmdMEY9WqD7eKsUQLet9dO-UMsCLM2opnkTpCdy6-w2;;CREFURL=https%3a%2f%2feuro-pixel.com%2ftest.php;C=1;cpdir=\" class=\"dcmads\" data-dcm-placement=\"N571601.4773204ALBANIANPOST.COM\/B32392692.399829096\" data-dcm-rendering-mode=\"iframe\" data-dcm-https-only=\"\" data-dcm-api-frameworks=\"[APIFRAMEWORKS]\" data-dcm-omid-partner=\"[OMIDPARTNER]\" data-dcm-gdpr-applies=\"gdpr=\" data-dcm-gdpr-consent=\"gdpr_consent=\" data-dcm-addtl-consent=\"addtl_consent=${ADDTL_CONSENT}\" data-dcm-ltd=\"false\" data-dcm-resettable-device-id=\"\" data-dcm-app-id=\"\" data-dcm-processed=\"y\"><\/p>\n<p>\t\t<\/ins><\/p>\n<p>Interesi i Real Madrid-it p\u00ebr Fabian nuk \u00ebsht\u00eb i ri. Q\u00eb nga koha e tij te Napoli, mesfushori \u00ebsht\u00eb ndjekur nga af\u00ebr nga skaut\u00ebt e klubit t\u00eb bardh\u00eb dhe Ancelotti ka shprehur admirimin e tij p\u00ebr loj\u00ebn e spanjollit n\u00eb disa raste.<\/p>\n<p>Shkatht\u00ebsia dhe inteligjenca taktike e Fabian-it p\u00ebrshtaten n\u00eb m\u00ebnyr\u00eb t\u00eb p\u00ebrkryer n\u00eb skem\u00ebn e trajnerit italian, i cili k\u00ebrkon t\u00eb forcoj\u00eb mesfush\u00ebn e tij me nj\u00eb lojtar t\u00eb karakteristikave t\u00eb tij.<\/p>\n<p>Sipas mediave spanjolle, negociatat mes PSG-s\u00eb dhe Real Madrid-it po avancojn\u00eb dhe megjith\u00ebse marr\u00ebveshja p\u00ebrfundimtare nuk \u00ebsht\u00eb mbyllur ende, mund\u00ebsia p\u00ebr ta par\u00eb Fabian Ruiz-in t\u00eb veshur n\u00eb t\u00eb bardha \u00ebsht\u00eb gjithnj\u00eb e m\u00eb reale.<\/p>\n<p>N\u00eb mosh\u00ebn 28-vje\u00e7are, lojtari \u00ebsht\u00eb n\u00eb momentin m\u00eb t\u00eb mir\u00eb t\u00eb karrier\u00ebs s\u00eb tij dhe ardhja e tij mund t\u2019i siguroj\u00eb Real Madrid-it cil\u00ebsin\u00eb dhe p\u00ebrvoj\u00ebn e nevojshme p\u00ebr t\u00eb vazhduar konkurrimin n\u00eb nivelin m\u00eb t\u00eb lart\u00eb n\u00eb t\u00eb gjitha garat.<\/p>\n<p>The post <a rel=\"nofollow\" href=\"https:\/\/albanianpost.com\/fabian-ruiz-eshte-kthyer-ne-orbiten-e-real-madrid-it\/\">Fabian Ruiz \u00ebsht\u00eb kthyer n\u00eb orbit\u00ebn e Real Madrid-it<\/a> appeared first on <a rel=\"nofollow\" href=\"https:\/\/albanianpost.com\/\">Albanian Post<\/a>.<\/p>\n","protected":false},"excerpt":{"rendered":"<p>Real Madrid mund t\u00eb jet\u00eb af\u00ebr mbylljes s\u00eb n\u00ebnshkrimit t\u00eb Fabian Ruiz, mesfushorit t\u00eb PSG-s\u00eb, i cili ka mahnitur me paraqitjen e tij n\u00eb sezonin e fundit, ve\u00e7an\u00ebrisht me skuadr\u00ebn spanjolle n\u00eb Euro 2024. Gjithmon\u00eb n\u00eb list\u00ebn e d\u00ebshirave t\u00eb Carlo Ancelotti-t, trajneri italian ka k\u00ebrkuar edhe nj\u00eb her\u00eb ardhjen e tij p\u00ebr t\u00eb p\u00ebrforcuar [&hellip;]<\/p>\n","protected":false},"author":1,"featured_media":7319,"comment_status":"open","ping_status":"open","sticky":false,"template":"","format":"standard","meta":{"footnotes":""},"categories":[1],"tags":[],"class_list":["post-7318","post","type-post","status-publish","format-standard","has-post-thumbnail","hentry","category-uncategorized"],"_links":{"self":[{"href":"https:\/\/radiogjilani.com\/index.php\/wp-json\/wp\/v2\/posts\/7318","targetHints":{"allow":["GET"]}}],"collection":[{"href":"https:\/\/radiogjilani.com\/index.php\/wp-json\/wp\/v2\/posts"}],"about":[{"href":"https:\/\/radiogjilani.com\/index.php\/wp-json\/wp\/v2\/types\/post"}],"author":[{"embeddable":true,"href":"https:\/\/radiogjilani.com\/index.php\/wp-json\/wp\/v2\/users\/1"}],"replies":[{"embeddable":true,"href":"https:\/\/radiogjilani.com\/index.php\/wp-json\/wp\/v2\/comments?post=7318"}],"version-history":[{"count":0,"href":"https:\/\/radiogjilani.com\/index.php\/wp-json\/wp\/v2\/posts\/7318\/revisions"}],"wp:featuredmedia":[{"embeddable":true,"href":"https:\/\/radiogjilani.com\/index.php\/wp-json\/wp\/v2\/media\/7319"}],"wp:attachment":[{"href":"https:\/\/radiogjilani.com\/index.php\/wp-json\/wp\/v2\/media?parent=7318"}],"wp:term":[{"taxonomy":"category","embeddable":true,"href":"https:\/\/radiogjilani.com\/index.php\/wp-json\/wp\/v2\/categories?post=7318"},{"taxonomy":"post_tag","embeddable":true,"href":"https:\/\/radiogjilani.com\/index.php\/wp-json\/wp\/v2\/tags?post=7318"}],"curies":[{"name":"wp","href":"https:\/\/api.w.org\/{rel}","templated":true}]}}