{"id":7360,"date":"2024-08-03T10:18:43","date_gmt":"2024-08-03T10:18:43","guid":{"rendered":"https:\/\/radiogjilani.com\/index.php\/2024\/08\/03\/ura-ibrit-ish-kryeinspektori-i-aki-se-se-besoj-qe-kurti-do-vendos-per-konfrontim-mes-policise-dhe-kfor-it\/"},"modified":"2024-08-03T10:18:43","modified_gmt":"2024-08-03T10:18:43","slug":"ura-ibrit-ish-kryeinspektori-i-aki-se-se-besoj-qe-kurti-do-vendos-per-konfrontim-mes-policise-dhe-kfor-it","status":"publish","type":"post","link":"https:\/\/radiogjilani.com\/index.php\/2024\/08\/03\/ura-ibrit-ish-kryeinspektori-i-aki-se-se-besoj-qe-kurti-do-vendos-per-konfrontim-mes-policise-dhe-kfor-it\/","title":{"rendered":"Ura Ibrit, ish-kryeinspektori i AKI-s\u00eb: S\u2019e besoj q\u00eb Kurti do vendos p\u00ebr konfrontim mes Policis\u00eb dhe KFOR-it"},"content":{"rendered":"<p>\u201cNuk besoj kurr\u00eb q\u00eb Kryeministri Kurti do t\u00eb vendos p\u00ebr konfrontim direkt mes Policis\u00eb s\u00eb Kosov\u00ebs dhe KFOR-it\u201d, ka th\u00ebn\u00eb Burim Ramadani.<\/p>\n<p>K\u00ebto komente, ish-kryeinspektori i Agjencis\u00eb Kosovare t\u00eb Inteligjenc\u00ebs (AKI), i ka b\u00ebr\u00eb p\u00ebrmes nj\u00eb postimi n\u00eb Facebook, pasi q\u00eb, p\u00ebrkund\u00ebr q\u00ebndrimeve t\u00eb prera kund\u00ebr hapjes s\u00eb ur\u00ebs mbi lumin Ib\u00ebr t\u00eb QUNIT-it, qeveria ka theksuar se ata jan\u00eb p\u00ebr hapjen e saj.<\/p>\n<p>Por, p\u00ebr Ramadanin, kreu i ekzekutivit \u201cm\u00eb p\u00ebrpara e pranon d\u00ebshtimin, sesa konfrontimin!\u201d.<\/p>\n<p>\u201c\u00c7far\u00eb d\u00ebshtimi? \u2013 Ai po d\u00ebshton ta bind NATO-n q\u00eb Ura t\u00eb hapet. Ai po d\u00ebshton q\u00eb t\u2019ia mbaj\u00eb goj\u00ebn mbyllur partizan\u00ebve t\u00eb vet t\u00eb padijsh\u00ebm dhe eksperimental n\u00eb Qeveri, parti e institucione tjera, t\u00eb cil\u00ebt kushtimisht kap\u00ebn daullet p\u00ebr t\u00eb na dh\u00ebn\u00eb lajmin q\u00eb \u2018Ura po hapet pa dilema fare!\u2019\u201d, shkroi Ramadani.<\/p>\n<p>\t\t<i><\/i><ins data-dcm-landing-page-escapes=\"0\" data-dcm-click-tracker=\"https:\/\/track.adform.net\/C\/?bn=73199340;adfibeg=0;cdata=wY0ZHC8ypbQniOq3Sj8hschgQeJ3VY4zU1bO9ulaUP_iCMviXuI_n4RPYRHBxkqVPVtGasWBO2DsQ97SqeB3vafpodL8HlhSS5QNXFy9YSXxjmdMEY9WqD7eKsUQLet9dO-UMsCLM2opnkTpCdy6-w2;;CREFURL=https%3a%2f%2feuro-pixel.com%2ftest.php;C=1;cpdir=\" class=\"dcmads\" data-dcm-placement=\"N571601.4773204ALBANIANPOST.COM\/B32392692.399829096\" data-dcm-rendering-mode=\"iframe\" data-dcm-https-only=\"\" data-dcm-api-frameworks=\"[APIFRAMEWORKS]\" data-dcm-omid-partner=\"[OMIDPARTNER]\" data-dcm-gdpr-applies=\"gdpr=\" data-dcm-gdpr-consent=\"gdpr_consent=\" data-dcm-addtl-consent=\"addtl_consent=${ADDTL_CONSENT}\" data-dcm-ltd=\"false\" data-dcm-resettable-device-id=\"\" data-dcm-app-id=\"\" data-dcm-processed=\"y\"><\/p>\n<p>\t\t<\/ins><\/p>\n<p>Sipas tij, Kurti po d\u00ebshton q\u00eb t\u00eb b\u00ebj\u00eb dallimin midis q\u00ebndrimeve diplomatike t\u00eb shteteve partnere n\u00eb raporte bilatarale; dhe udh\u00ebzimeve ushtarake t\u00eb NATO-s p\u00ebr KFOR-in n\u00eb \u00e7\u00ebshtje q\u00eb ata i vler\u00ebsojn\u00eb me ndikim ne siguri dhe ambient paq\u00ebsor.<\/p>\n<\/p>\n<p>Q\u00ebndrimet diplomatike bilaterale, ish-kryeinspektori i AKI-s\u00eb thot\u00eb se ndryshojn\u00eb n\u00eb \u00e7\u00ebshtje, \u201cpor me NATO-n nuk ka shaka!\u201d.<\/p>\n<p>\u201cAi po d\u00ebshton q\u00eb t\u00eb p\u00ebrmbyll\u00eb k\u00ebt\u00eb mandat qeveris\u00ebs me nj\u00eb faz\u00eb relaksimi raportesh me prezenc\u00ebn nd\u00ebrkomb\u00ebtare. Ai po d\u00ebshton q\u00eb ta arrij\u00eb aktin simbolik t\u00eb vendosjes s\u00eb kontrollit n\u00eb veri, pra hapjen t\u00eb Ur\u00ebs kryesore, dhe k\u00ebshtu po e rikthen pamjen q\u00eb normalizimi n\u00eb veri qenka m\u00eb larg sesa optimist\u00ebt e shpjegojn\u00eb!\u201d.<\/p>\n<p>\u201cAi po d\u00ebshton t\u00eb kuptoj\u00eb q\u00eb diplomacia k\u00ebrkon njer\u00ebz profesionist\u00eb, angazhime afat-gjate dhe targetim t\u00eb sakt\u00eb p\u00ebr \u2018outreach\u2019 n\u00eb adresat kryesore t\u00eb vendimmarrjes! Ai po d\u00ebshton t\u00eb zbatoj\u00eb besimin q\u00eb \u2018farefisi jan\u00eb p\u00ebr dasma\u2019 e \u2018profesionist\u00ebt jan\u00eb p\u00ebr institucione\u2019. Prandaj, bashk\u00eb me \u2018faresif\u2019 po d\u00ebshtojn\u00eb diplomacin\u00eb dhe komunikimin\u201d.<\/p>\n<p>P\u00ebrve\u00e7 k\u00ebtyre, p\u00ebr Ramadanin, Kurti po d\u00ebshton t\u00eb kuptoj\u00eb se \u201cdaullet q\u00eb partizan\u00ebt e vet po i rrahin k\u00ebto muaj, realisht po nxisin pamje jo t\u00eb drejt\u00eb t\u00eb popullit t\u00eb Kosov\u00ebs ndaj partner\u00ebve nd\u00ebrkomb\u00ebtar\u00eb, me theks t\u00eb ve\u00e7ant\u00eb ndaj NATO-s\u201d.<\/p>\n<p>\u201cAi po d\u00ebshton t\u00eb kuptoj\u00eb q\u00eb rritja e pritjeve p\u00ebr hapjen e Ur\u00ebs (me apo pa KFOR-in) \u00ebsht\u00eb rritje e zhg\u00ebnjimit t\u00eb popullit t\u00eb Kosov\u00ebs edhe ndaj Qeveris\u00eb, jo vet\u00ebm ndaj NATO-s. Ai po d\u00ebshton t\u00eb kuptoj\u00eb q\u00eb siguria komb\u00ebtare \u00ebsht\u00eb e nd\u00ebrlidhur ngusht\u00eb me p\u00ebrdorimin e aleancave si instrument shtes\u00eb burimeve vetanake. K\u00ebshtu, aleancat realisht do t\u00eb ktheheshin n\u00eb instrumente q\u00eb sh\u00ebrbejn\u00eb n\u00eb sigurin\u00eb komb\u00ebtare, jo vet\u00ebm q\u00eb ndikojn\u00eb n\u00eb t\u00eb nga jasht\u00eb!\u201d.<\/p>\n<p>Prandaj, sipas tij, \u201cpavar\u00ebsisht se d\u00ebshtimet mund t\u00eb jen\u00eb v\u00ebrtet\u00eb t\u00eb thella, un\u00eb prap\u00eb nuk do t\u00eb besoja kurr\u00eb q\u00eb shkon deri n\u00eb konfrontim!\u201d<\/p>\n<p>\u201cKryeministri Kurti n\u00eb fund t\u00eb mandatit t\u00eb tij e pranon d\u00ebshtimin, por jo konfrontimin me NATO-n!\u201d.<\/p>\n<blockquote class=\"wp-embedded-content\" data-secret=\"1YvgGIHEx1\">\n<p><a href=\"https:\/\/albanianpost.com\/sfide-e-re-per-uren-e-ibrit-hapja-mbetet-ne-pikepyetje\/\">Sfid\u00eb e re p\u00ebr Ur\u00ebn e Ibrit, hapja mbetet n\u00eb pik\u00ebpyetje<\/a><\/p>\n<\/blockquote>\n<p>The post <a rel=\"nofollow\" href=\"https:\/\/albanianpost.com\/ura-ibrit-ish-kryeinspektori-i-aki-se-se-besoj-qe-kurti-do-vendos-per-konfrontim-mes-policise-dhe-kfor-it\/\">Ura Ibrit, ish-kryeinspektori i AKI-s\u00eb: S\u2019e besoj q\u00eb Kurti do vendos p\u00ebr konfrontim mes Policis\u00eb dhe KFOR-it<\/a> appeared first on <a rel=\"nofollow\" href=\"https:\/\/albanianpost.com\/\">Albanian Post<\/a>.<\/p>\n","protected":false},"excerpt":{"rendered":"<p>\u201cNuk besoj kurr\u00eb q\u00eb Kryeministri Kurti do t\u00eb vendos p\u00ebr konfrontim direkt mes Policis\u00eb s\u00eb Kosov\u00ebs dhe KFOR-it\u201d, ka th\u00ebn\u00eb Burim Ramadani. K\u00ebto komente, ish-kryeinspektori i Agjencis\u00eb Kosovare t\u00eb Inteligjenc\u00ebs (AKI), i ka b\u00ebr\u00eb p\u00ebrmes nj\u00eb postimi n\u00eb Facebook, pasi q\u00eb, p\u00ebrkund\u00ebr q\u00ebndrimeve t\u00eb prera kund\u00ebr hapjes s\u00eb ur\u00ebs mbi lumin Ib\u00ebr t\u00eb QUNIT-it, qeveria [&hellip;]<\/p>\n","protected":false},"author":1,"featured_media":7361,"comment_status":"open","ping_status":"open","sticky":false,"template":"","format":"standard","meta":{"footnotes":""},"categories":[1],"tags":[],"class_list":["post-7360","post","type-post","status-publish","format-standard","has-post-thumbnail","hentry","category-uncategorized"],"_links":{"self":[{"href":"https:\/\/radiogjilani.com\/index.php\/wp-json\/wp\/v2\/posts\/7360","targetHints":{"allow":["GET"]}}],"collection":[{"href":"https:\/\/radiogjilani.com\/index.php\/wp-json\/wp\/v2\/posts"}],"about":[{"href":"https:\/\/radiogjilani.com\/index.php\/wp-json\/wp\/v2\/types\/post"}],"author":[{"embeddable":true,"href":"https:\/\/radiogjilani.com\/index.php\/wp-json\/wp\/v2\/users\/1"}],"replies":[{"embeddable":true,"href":"https:\/\/radiogjilani.com\/index.php\/wp-json\/wp\/v2\/comments?post=7360"}],"version-history":[{"count":0,"href":"https:\/\/radiogjilani.com\/index.php\/wp-json\/wp\/v2\/posts\/7360\/revisions"}],"wp:featuredmedia":[{"embeddable":true,"href":"https:\/\/radiogjilani.com\/index.php\/wp-json\/wp\/v2\/media\/7361"}],"wp:attachment":[{"href":"https:\/\/radiogjilani.com\/index.php\/wp-json\/wp\/v2\/media?parent=7360"}],"wp:term":[{"taxonomy":"category","embeddable":true,"href":"https:\/\/radiogjilani.com\/index.php\/wp-json\/wp\/v2\/categories?post=7360"},{"taxonomy":"post_tag","embeddable":true,"href":"https:\/\/radiogjilani.com\/index.php\/wp-json\/wp\/v2\/tags?post=7360"}],"curies":[{"name":"wp","href":"https:\/\/api.w.org\/{rel}","templated":true}]}}