{"id":7376,"date":"2024-08-04T10:20:48","date_gmt":"2024-08-04T10:20:48","guid":{"rendered":"https:\/\/radiogjilani.com\/index.php\/2024\/08\/04\/abdixhiku-tregon-per-nje-korridor-te-ri-turizmi-qe-po-ndertohet-ne-istog-per-keso-projekte-ka-nevoje-vendi-ldk-ka-tjeter-vizion\/"},"modified":"2024-08-04T10:20:48","modified_gmt":"2024-08-04T10:20:48","slug":"abdixhiku-tregon-per-nje-korridor-te-ri-turizmi-qe-po-ndertohet-ne-istog-per-keso-projekte-ka-nevoje-vendi-ldk-ka-tjeter-vizion","status":"publish","type":"post","link":"https:\/\/radiogjilani.com\/index.php\/2024\/08\/04\/abdixhiku-tregon-per-nje-korridor-te-ri-turizmi-qe-po-ndertohet-ne-istog-per-keso-projekte-ka-nevoje-vendi-ldk-ka-tjeter-vizion\/","title":{"rendered":"Abdixhiku tregon p\u00ebr \u201cnj\u00eb korridor t\u00eb ri turizmi\u201d q\u00eb po nd\u00ebrtohet n\u00eb Istog: P\u00ebr k\u00ebso projekte ka nevoj\u00eb vendi, LDK ka tjet\u00ebr vizion"},"content":{"rendered":"<p>Kryetari i Lidhjes Demokratike t\u00eb Kosov\u00ebs, Lumir Abdixhiku ka shp\u00ebrndar\u00eb nj\u00eb video nga pun\u00ebt q\u00eb tha se po b\u00ebhen n\u00eb Istog, komun\u00ebn e udh\u00ebhequr nga zyrtari i k\u00ebsaj partie, Ilir Ferati. Abdixhiku shkroi se atje po nd\u00ebrtohet nj\u00eb rrug\u00eb e re prej afto 20 kilometrash, t\u00eb cil\u00ebn e ka quajtur \u201cnj\u00eb koridor t\u00eb ri turizmi\u201d. \u201cMir\u00ebm\u00ebngjesi nga Istogu! Nga Bjeshka e Mokn\u00ebs dhe rruga e re prej 19.1&#8230;<\/p>\n<p><a href=\"https:\/\/ekonomiaonline.com\/abdixhiku-tregon-per-nje-korridor-te-ri-turizmi-qe-po-ndertohet-ne-istog-per-keso-projekte-ka-nevoje-vendi-ldk-ka-tjeter-vizion\/\" rel=\"nofollow\">Source<\/a><\/p>\n","protected":false},"excerpt":{"rendered":"<p>Kryetari i Lidhjes Demokratike t\u00eb Kosov\u00ebs, Lumir Abdixhiku ka shp\u00ebrndar\u00eb nj\u00eb video nga pun\u00ebt q\u00eb tha se po b\u00ebhen n\u00eb Istog, komun\u00ebn e udh\u00ebhequr nga zyrtari i k\u00ebsaj partie, Ilir Ferati. Abdixhiku shkroi se atje po nd\u00ebrtohet nj\u00eb rrug\u00eb e re prej afto 20 kilometrash, t\u00eb cil\u00ebn e ka quajtur \u201cnj\u00eb koridor t\u00eb ri turizmi\u201d. [&hellip;]<\/p>\n","protected":false},"author":1,"featured_media":7377,"comment_status":"open","ping_status":"open","sticky":false,"template":"","format":"standard","meta":{"footnotes":""},"categories":[19],"tags":[],"class_list":["post-7376","post","type-post","status-publish","format-standard","has-post-thumbnail","hentry","category-eko"],"_links":{"self":[{"href":"https:\/\/radiogjilani.com\/index.php\/wp-json\/wp\/v2\/posts\/7376","targetHints":{"allow":["GET"]}}],"collection":[{"href":"https:\/\/radiogjilani.com\/index.php\/wp-json\/wp\/v2\/posts"}],"about":[{"href":"https:\/\/radiogjilani.com\/index.php\/wp-json\/wp\/v2\/types\/post"}],"author":[{"embeddable":true,"href":"https:\/\/radiogjilani.com\/index.php\/wp-json\/wp\/v2\/users\/1"}],"replies":[{"embeddable":true,"href":"https:\/\/radiogjilani.com\/index.php\/wp-json\/wp\/v2\/comments?post=7376"}],"version-history":[{"count":0,"href":"https:\/\/radiogjilani.com\/index.php\/wp-json\/wp\/v2\/posts\/7376\/revisions"}],"wp:featuredmedia":[{"embeddable":true,"href":"https:\/\/radiogjilani.com\/index.php\/wp-json\/wp\/v2\/media\/7377"}],"wp:attachment":[{"href":"https:\/\/radiogjilani.com\/index.php\/wp-json\/wp\/v2\/media?parent=7376"}],"wp:term":[{"taxonomy":"category","embeddable":true,"href":"https:\/\/radiogjilani.com\/index.php\/wp-json\/wp\/v2\/categories?post=7376"},{"taxonomy":"post_tag","embeddable":true,"href":"https:\/\/radiogjilani.com\/index.php\/wp-json\/wp\/v2\/tags?post=7376"}],"curies":[{"name":"wp","href":"https:\/\/api.w.org\/{rel}","templated":true}]}}