{"id":7384,"date":"2024-08-04T10:20:44","date_gmt":"2024-08-04T10:20:44","guid":{"rendered":"https:\/\/radiogjilani.com\/index.php\/2024\/08\/04\/ekipit-te-mbrojtjes-se-kadri-veselit-i-shtohet-edhe-nje-avokat\/"},"modified":"2024-08-04T10:20:44","modified_gmt":"2024-08-04T10:20:44","slug":"ekipit-te-mbrojtjes-se-kadri-veselit-i-shtohet-edhe-nje-avokat","status":"publish","type":"post","link":"https:\/\/radiogjilani.com\/index.php\/2024\/08\/04\/ekipit-te-mbrojtjes-se-kadri-veselit-i-shtohet-edhe-nje-avokat\/","title":{"rendered":"Ekipit t\u00eb mbrojtjes s\u00eb Kadri Veselit i shtohet edhe nj\u00eb avokat"},"content":{"rendered":"<p>Ekipit t\u00eb mbrojtjes s\u00eb ish-komandantit t\u00eb U\u00c7K-s\u00eb, Kadri Veselit, i \u00ebsht\u00eb shtuar edhe avokati Steven Lack. N\u00eb dokumentin e l\u00ebshuar nga Dhomat e Specializuara t\u00eb Hag\u00ebs thuhet se Lack pranohet n\u00eb list\u00ebn e avokat\u00ebve n\u00eb p\u00ebrputhje me nenin 7 pika 3 dhe nenin 18 pika 1 t\u00eb Direktiv\u00ebs p\u00ebr avokat 2. \u201cN\u00eb baz\u00eb t\u00eb rregullit 26(1) t\u00eb Rregullores1, Sekretari njofton Trupin Gjykues II. t\u00eb konfirmimit t\u00eb miratimit&#8230;<\/p>\n<p><a href=\"https:\/\/ekonomiaonline.com\/ekipit-te-mbrojtjes-se-kadri-veselit-i-shtohet-edhe-nje-avokat\/\" rel=\"nofollow\">Source<\/a><\/p>\n","protected":false},"excerpt":{"rendered":"<p>Ekipit t\u00eb mbrojtjes s\u00eb ish-komandantit t\u00eb U\u00c7K-s\u00eb, Kadri Veselit, i \u00ebsht\u00eb shtuar edhe avokati Steven Lack. N\u00eb dokumentin e l\u00ebshuar nga Dhomat e Specializuara t\u00eb Hag\u00ebs thuhet se Lack pranohet n\u00eb list\u00ebn e avokat\u00ebve n\u00eb p\u00ebrputhje me nenin 7 pika 3 dhe nenin 18 pika 1 t\u00eb Direktiv\u00ebs p\u00ebr avokat 2. \u201cN\u00eb baz\u00eb t\u00eb rregullit [&hellip;]<\/p>\n","protected":false},"author":1,"featured_media":7385,"comment_status":"open","ping_status":"open","sticky":false,"template":"","format":"standard","meta":{"footnotes":""},"categories":[19],"tags":[],"class_list":["post-7384","post","type-post","status-publish","format-standard","has-post-thumbnail","hentry","category-eko"],"_links":{"self":[{"href":"https:\/\/radiogjilani.com\/index.php\/wp-json\/wp\/v2\/posts\/7384","targetHints":{"allow":["GET"]}}],"collection":[{"href":"https:\/\/radiogjilani.com\/index.php\/wp-json\/wp\/v2\/posts"}],"about":[{"href":"https:\/\/radiogjilani.com\/index.php\/wp-json\/wp\/v2\/types\/post"}],"author":[{"embeddable":true,"href":"https:\/\/radiogjilani.com\/index.php\/wp-json\/wp\/v2\/users\/1"}],"replies":[{"embeddable":true,"href":"https:\/\/radiogjilani.com\/index.php\/wp-json\/wp\/v2\/comments?post=7384"}],"version-history":[{"count":0,"href":"https:\/\/radiogjilani.com\/index.php\/wp-json\/wp\/v2\/posts\/7384\/revisions"}],"wp:featuredmedia":[{"embeddable":true,"href":"https:\/\/radiogjilani.com\/index.php\/wp-json\/wp\/v2\/media\/7385"}],"wp:attachment":[{"href":"https:\/\/radiogjilani.com\/index.php\/wp-json\/wp\/v2\/media?parent=7384"}],"wp:term":[{"taxonomy":"category","embeddable":true,"href":"https:\/\/radiogjilani.com\/index.php\/wp-json\/wp\/v2\/categories?post=7384"},{"taxonomy":"post_tag","embeddable":true,"href":"https:\/\/radiogjilani.com\/index.php\/wp-json\/wp\/v2\/tags?post=7384"}],"curies":[{"name":"wp","href":"https:\/\/api.w.org\/{rel}","templated":true}]}}