{"id":7416,"date":"2024-08-05T11:17:48","date_gmt":"2024-08-05T11:17:48","guid":{"rendered":"https:\/\/radiogjilani.com\/index.php\/2024\/08\/05\/kurti-flet-per-incidentin-me-osmanin-ne-aeroportin-e-shkupit-do-te-kete-raport-qe-do-ta-zbardhe-kete-ceshtje\/"},"modified":"2024-08-05T11:17:48","modified_gmt":"2024-08-05T11:17:48","slug":"kurti-flet-per-incidentin-me-osmanin-ne-aeroportin-e-shkupit-do-te-kete-raport-qe-do-ta-zbardhe-kete-ceshtje","status":"publish","type":"post","link":"https:\/\/radiogjilani.com\/index.php\/2024\/08\/05\/kurti-flet-per-incidentin-me-osmanin-ne-aeroportin-e-shkupit-do-te-kete-raport-qe-do-ta-zbardhe-kete-ceshtje\/","title":{"rendered":"Kurti flet p\u00ebr incidentin me Osmanin n\u00eb aeroportin e Shkupit: Do t\u00eb ket\u00eb raport q\u00eb do ta zbardh\u00eb k\u00ebt\u00eb \u00e7\u00ebshtje"},"content":{"rendered":"<p>Presidentja Vjosa Osmani nj\u00eb dit\u00eb m\u00eb her\u00ebt ka pasur nj\u00eb problem n\u00eb aeroportin e Shkupit, ku sigurimi i aeroportit t\u00eb Shkupit ka tentuar t\u2019ia marr\u00eb telefonin personal. E p\u00ebr k\u00ebt\u00eb folur kryeministri, Albin Kurti, n\u00eb nj\u00eb konferenc\u00eb p\u00ebr media n\u00eb Shkup me homologun e tij nga Maqedonia e veriut. Sipas tij, incidenti i Osmanit nuk \u00ebsht\u00eb nj\u00eb provokim nga ana e autoriteteve maqedonase. \u201cNuk e di q\u00eb kemi&#8230;<\/p>\n<p><a href=\"https:\/\/ekonomiaonline.com\/kurti-flet-per-incidentin-me-osmanin-ne-aeroportin-e-shkupit-do-te-kete-raport-qe-do-ta-zbardhe-kete-ceshtje\/\" rel=\"nofollow\">Source<\/a><\/p>\n","protected":false},"excerpt":{"rendered":"<p>Presidentja Vjosa Osmani nj\u00eb dit\u00eb m\u00eb her\u00ebt ka pasur nj\u00eb problem n\u00eb aeroportin e Shkupit, ku sigurimi i aeroportit t\u00eb Shkupit ka tentuar t\u2019ia marr\u00eb telefonin personal. E p\u00ebr k\u00ebt\u00eb folur kryeministri, Albin Kurti, n\u00eb nj\u00eb konferenc\u00eb p\u00ebr media n\u00eb Shkup me homologun e tij nga Maqedonia e veriut. Sipas tij, incidenti i Osmanit nuk [&hellip;]<\/p>\n","protected":false},"author":1,"featured_media":7417,"comment_status":"open","ping_status":"open","sticky":false,"template":"","format":"standard","meta":{"footnotes":""},"categories":[19],"tags":[],"class_list":["post-7416","post","type-post","status-publish","format-standard","has-post-thumbnail","hentry","category-eko"],"_links":{"self":[{"href":"https:\/\/radiogjilani.com\/index.php\/wp-json\/wp\/v2\/posts\/7416","targetHints":{"allow":["GET"]}}],"collection":[{"href":"https:\/\/radiogjilani.com\/index.php\/wp-json\/wp\/v2\/posts"}],"about":[{"href":"https:\/\/radiogjilani.com\/index.php\/wp-json\/wp\/v2\/types\/post"}],"author":[{"embeddable":true,"href":"https:\/\/radiogjilani.com\/index.php\/wp-json\/wp\/v2\/users\/1"}],"replies":[{"embeddable":true,"href":"https:\/\/radiogjilani.com\/index.php\/wp-json\/wp\/v2\/comments?post=7416"}],"version-history":[{"count":0,"href":"https:\/\/radiogjilani.com\/index.php\/wp-json\/wp\/v2\/posts\/7416\/revisions"}],"wp:featuredmedia":[{"embeddable":true,"href":"https:\/\/radiogjilani.com\/index.php\/wp-json\/wp\/v2\/media\/7417"}],"wp:attachment":[{"href":"https:\/\/radiogjilani.com\/index.php\/wp-json\/wp\/v2\/media?parent=7416"}],"wp:term":[{"taxonomy":"category","embeddable":true,"href":"https:\/\/radiogjilani.com\/index.php\/wp-json\/wp\/v2\/categories?post=7416"},{"taxonomy":"post_tag","embeddable":true,"href":"https:\/\/radiogjilani.com\/index.php\/wp-json\/wp\/v2\/tags?post=7416"}],"curies":[{"name":"wp","href":"https:\/\/api.w.org\/{rel}","templated":true}]}}