{"id":7444,"date":"2024-08-05T11:18:29","date_gmt":"2024-08-05T11:18:29","guid":{"rendered":"https:\/\/radiogjilani.com\/index.php\/2024\/08\/05\/babai-i-imane-khelif-vajza-ime-eshte-vajze-shembull-i-nje-gruaje-algjeriane\/"},"modified":"2024-08-05T11:18:29","modified_gmt":"2024-08-05T11:18:29","slug":"babai-i-imane-khelif-vajza-ime-eshte-vajze-shembull-i-nje-gruaje-algjeriane","status":"publish","type":"post","link":"https:\/\/radiogjilani.com\/index.php\/2024\/08\/05\/babai-i-imane-khelif-vajza-ime-eshte-vajze-shembull-i-nje-gruaje-algjeriane\/","title":{"rendered":"Babai i Imane Khelif: Vajza ime \u00ebsht\u00eb vajz\u00eb, shembull i nj\u00eb gruaje algjeriane"},"content":{"rendered":"<p>Boksierja algjeriane, Imane Khelif \u00ebsht\u00eb b\u00ebr\u00eb n\u00eb m\u00ebnyr\u00eb t\u00eb pavullnetshme nj\u00eb nga protagonistet e m\u00ebdha t\u00eb Loj\u00ebrave Olimpike t\u00eb Parisit. Kjo vjen pasi ajo konkurroi n\u00eb kategorin\u00eb e boksit t\u00eb femrave mes akuzave t\u00eb rreme se \u00ebsht\u00eb burr\u00eb apo person transgjinor si pasoj\u00eb e rastit t\u00eb saj t\u00eb hiperandrogjenizmit, gj\u00eb q\u00eb e b\u00ebn at\u00eb t\u00eb ket\u00eb nivele t\u00eb larta t\u00eb testosteronit pavar\u00ebsisht se \u00ebsht\u00eb grua.<\/p>\n<p>\u201cAFP\u201d ka hulumtuar n\u00eb origjin\u00ebn e Khelif p\u00ebr t\u00eb m\u00ebsuar p\u00ebr fillimet e boksieres algjeriane dhe ishte n\u00eb gjendje t\u00eb fliste me baban\u00eb e saj, Omar Khelif, i cili tregoi dokumentet e identitetit dhe certifikat\u00ebn e lindjes.<\/p>\n<p>\u201cVajza ime \u00ebsht\u00eb vajz\u00eb, \u00ebsht\u00eb rritur si vajz\u00eb. Ajo \u00ebsht\u00eb nj\u00eb vajz\u00eb e fort\u00eb, e kam rritur t\u00eb punoj\u00eb dhe t\u00eb jet\u00eb e guximshme. Ajo e fitoi luft\u00ebn kund\u00ebr Carini-t sepse ishte m\u00eb e fort\u00eb dhe tjetra ishte e dob\u00ebt\u201d, thot\u00eb Omar Khelif.<\/p>\n<p>Babai i boksieres tregon edhe shembullin q\u00eb \u00ebsht\u00eb b\u00ebr\u00eb Khelif p\u00ebr vajzat algjeriane.<\/p>\n<p>\t\t<i><\/i><ins data-dcm-landing-page-escapes=\"0\" data-dcm-click-tracker=\"https:\/\/track.adform.net\/C\/?bn=73199340;adfibeg=0;cdata=wY0ZHC8ypbQniOq3Sj8hschgQeJ3VY4zU1bO9ulaUP_iCMviXuI_n4RPYRHBxkqVPVtGasWBO2DsQ97SqeB3vafpodL8HlhSS5QNXFy9YSXxjmdMEY9WqD7eKsUQLet9dO-UMsCLM2opnkTpCdy6-w2;;CREFURL=https%3a%2f%2feuro-pixel.com%2ftest.php;C=1;cpdir=\" class=\"dcmads\" data-dcm-placement=\"N571601.4773204ALBANIANPOST.COM\/B32392692.399829096\" data-dcm-rendering-mode=\"iframe\" data-dcm-https-only=\"\" data-dcm-api-frameworks=\"[APIFRAMEWORKS]\" data-dcm-omid-partner=\"[OMIDPARTNER]\" data-dcm-gdpr-applies=\"gdpr=\" data-dcm-gdpr-consent=\"gdpr_consent=\" data-dcm-addtl-consent=\"addtl_consent=${ADDTL_CONSENT}\" data-dcm-ltd=\"false\" data-dcm-resettable-device-id=\"\" data-dcm-app-id=\"\" data-dcm-processed=\"y\"><\/p>\n<p>\t\t<\/ins><\/p>\n<p>\u201cImane \u00ebsht\u00eb nj\u00eb shembull i nj\u00eb gruaje algjeriane, ajo \u00ebsht\u00eb nj\u00eb nga heroinat e Algjeris\u00eb. Dasht\u00eb Zoti t\u00eb na nderoj\u00eb me nj\u00eb medalje ari dhe t\u00eb pozoj\u00eb me flamurin algjerian n\u00eb Paris. Ky ka qen\u00eb q\u00ebllimi yn\u00eb q\u00eb nga fillimi\u201d, p\u00ebrfundoi ai.<\/p>\n<blockquote class=\"wp-embedded-content\" data-secret=\"JtfBNwSrIi\">\n<p><a href=\"https:\/\/albanianpost.com\/khelif-ne-lot-pasi-arriti-gjysmefinalen-ne-lojerat-olimpike-une-luftoj-per-dinjitetin-e-grave\/\">Khelif n\u00eb lot pasi arriti gjysm\u00ebfinalen n\u00eb Loj\u00ebrat Olimpike: Un\u00eb luftoj p\u00ebr dinjitetin e grave<\/a><\/p>\n<\/blockquote>\n<blockquote class=\"wp-embedded-content\" data-secret=\"hLZvYmfzu0\">\n<p><a href=\"https:\/\/albanianpost.com\/khelif-eshte-nje-moter-algjeria-mbron-boksieren-e-saj-interseks-marredheniet-diplomatike-me-italine-jane-ne-rrezik\/\">\u201cKhelif \u00ebsht\u00eb nj\u00eb mot\u00ebr\u201d: Algjeria mbron boksieren e saj interseks, marr\u00ebdh\u00ebniet diplomatike me Italin\u00eb jan\u00eb n\u00eb rrezik<\/a><\/p>\n<\/blockquote>\n<blockquote class=\"wp-embedded-content\" data-secret=\"iTMGbGt74Q\">\n<p><a href=\"https:\/\/albanianpost.com\/46-sekonda-boksi-ndezen-flaket-e-luftes-kulturore\/\">46 sekonda boksi ndez\u00ebn flak\u00ebt e luft\u00ebs kulturore<\/a><\/p>\n<\/blockquote>\n<p>The post <a rel=\"nofollow\" href=\"https:\/\/albanianpost.com\/babai-i-imane-khelif-vajza-ime-eshte-vajze-shembull-i-nje-gruaje-algjeriane\/\">Babai i Imane Khelif: Vajza ime \u00ebsht\u00eb vajz\u00eb, shembull i nj\u00eb gruaje algjeriane<\/a> appeared first on <a rel=\"nofollow\" href=\"https:\/\/albanianpost.com\/\">Albanian Post<\/a>.<\/p>\n","protected":false},"excerpt":{"rendered":"<p>Boksierja algjeriane, Imane Khelif \u00ebsht\u00eb b\u00ebr\u00eb n\u00eb m\u00ebnyr\u00eb t\u00eb pavullnetshme nj\u00eb nga protagonistet e m\u00ebdha t\u00eb Loj\u00ebrave Olimpike t\u00eb Parisit. Kjo vjen pasi ajo konkurroi n\u00eb kategorin\u00eb e boksit t\u00eb femrave mes akuzave t\u00eb rreme se \u00ebsht\u00eb burr\u00eb apo person transgjinor si pasoj\u00eb e rastit t\u00eb saj t\u00eb hiperandrogjenizmit, gj\u00eb q\u00eb e b\u00ebn at\u00eb t\u00eb [&hellip;]<\/p>\n","protected":false},"author":1,"featured_media":7445,"comment_status":"open","ping_status":"open","sticky":false,"template":"","format":"standard","meta":{"footnotes":""},"categories":[1],"tags":[],"class_list":["post-7444","post","type-post","status-publish","format-standard","has-post-thumbnail","hentry","category-uncategorized"],"_links":{"self":[{"href":"https:\/\/radiogjilani.com\/index.php\/wp-json\/wp\/v2\/posts\/7444","targetHints":{"allow":["GET"]}}],"collection":[{"href":"https:\/\/radiogjilani.com\/index.php\/wp-json\/wp\/v2\/posts"}],"about":[{"href":"https:\/\/radiogjilani.com\/index.php\/wp-json\/wp\/v2\/types\/post"}],"author":[{"embeddable":true,"href":"https:\/\/radiogjilani.com\/index.php\/wp-json\/wp\/v2\/users\/1"}],"replies":[{"embeddable":true,"href":"https:\/\/radiogjilani.com\/index.php\/wp-json\/wp\/v2\/comments?post=7444"}],"version-history":[{"count":0,"href":"https:\/\/radiogjilani.com\/index.php\/wp-json\/wp\/v2\/posts\/7444\/revisions"}],"wp:featuredmedia":[{"embeddable":true,"href":"https:\/\/radiogjilani.com\/index.php\/wp-json\/wp\/v2\/media\/7445"}],"wp:attachment":[{"href":"https:\/\/radiogjilani.com\/index.php\/wp-json\/wp\/v2\/media?parent=7444"}],"wp:term":[{"taxonomy":"category","embeddable":true,"href":"https:\/\/radiogjilani.com\/index.php\/wp-json\/wp\/v2\/categories?post=7444"},{"taxonomy":"post_tag","embeddable":true,"href":"https:\/\/radiogjilani.com\/index.php\/wp-json\/wp\/v2\/tags?post=7444"}],"curies":[{"name":"wp","href":"https:\/\/api.w.org\/{rel}","templated":true}]}}