{"id":748,"date":"2024-04-06T18:57:04","date_gmt":"2024-04-06T18:57:04","guid":{"rendered":"https:\/\/radiogjilani.com\/index.php\/2024\/04\/06\/te-pakten-33-mije-e-137-palestineze-te-vrare\/"},"modified":"2024-04-06T18:57:04","modified_gmt":"2024-04-06T18:57:04","slug":"te-pakten-33-mije-e-137-palestineze-te-vrare","status":"publish","type":"post","link":"https:\/\/radiogjilani.com\/index.php\/2024\/04\/06\/te-pakten-33-mije-e-137-palestineze-te-vrare\/","title":{"rendered":"T\u00eb pakt\u00ebn 33 mij\u00eb e 137 palestinez\u00eb t\u00eb vrar\u00eb"},"content":{"rendered":"<p>T\u00eb pakt\u00ebn 33 mij\u00eb e 137 palestinez\u00eb jan\u00eb vrar\u00eb dhe 75 mij\u00eb e 815 jan\u00eb plagosur n\u00eb ofensiv\u00ebn ushtarake t\u00eb Izraelit n\u00eb Gaza q\u00eb nga 7 tetori. K\u00ebshtu tha k\u00ebt\u00eb t\u00eb shtun\u00eb, Ministria e Sh\u00ebndet\u00ebsis\u00eb e vendit. Ajo tha gjithashtu se 46 palestinez\u00eb u vran\u00eb dhe 65 u plagos\u00ebn n\u00eb sulmet izraelite n\u00eb 24 or\u00ebt e fundit. Ministria nuk b\u00ebn dallim mes luft\u00ebtar\u00ebve dhe joluft\u00ebtar\u00ebve, shkruan The Guardian&#8230;<\/p>\n<p><a href=\"https:\/\/ekonomiaonline.com\/te-pakten-33-mije-e-137-palestineze-te-vrare\/\" rel=\"nofollow\">Source<\/a><\/p>\n","protected":false},"excerpt":{"rendered":"<p>T\u00eb pakt\u00ebn 33 mij\u00eb e 137 palestinez\u00eb jan\u00eb vrar\u00eb dhe 75 mij\u00eb e 815 jan\u00eb plagosur n\u00eb ofensiv\u00ebn ushtarake t\u00eb Izraelit n\u00eb Gaza q\u00eb nga 7 tetori. K\u00ebshtu tha k\u00ebt\u00eb t\u00eb shtun\u00eb, Ministria e Sh\u00ebndet\u00ebsis\u00eb e vendit. Ajo tha gjithashtu se 46 palestinez\u00eb u vran\u00eb dhe 65 u plagos\u00ebn n\u00eb sulmet izraelite n\u00eb 24 or\u00ebt [&hellip;]<\/p>\n","protected":false},"author":1,"featured_media":749,"comment_status":"open","ping_status":"open","sticky":false,"template":"","format":"standard","meta":{"footnotes":""},"categories":[19],"tags":[],"class_list":["post-748","post","type-post","status-publish","format-standard","has-post-thumbnail","hentry","category-eko"],"_links":{"self":[{"href":"https:\/\/radiogjilani.com\/index.php\/wp-json\/wp\/v2\/posts\/748","targetHints":{"allow":["GET"]}}],"collection":[{"href":"https:\/\/radiogjilani.com\/index.php\/wp-json\/wp\/v2\/posts"}],"about":[{"href":"https:\/\/radiogjilani.com\/index.php\/wp-json\/wp\/v2\/types\/post"}],"author":[{"embeddable":true,"href":"https:\/\/radiogjilani.com\/index.php\/wp-json\/wp\/v2\/users\/1"}],"replies":[{"embeddable":true,"href":"https:\/\/radiogjilani.com\/index.php\/wp-json\/wp\/v2\/comments?post=748"}],"version-history":[{"count":0,"href":"https:\/\/radiogjilani.com\/index.php\/wp-json\/wp\/v2\/posts\/748\/revisions"}],"wp:featuredmedia":[{"embeddable":true,"href":"https:\/\/radiogjilani.com\/index.php\/wp-json\/wp\/v2\/media\/749"}],"wp:attachment":[{"href":"https:\/\/radiogjilani.com\/index.php\/wp-json\/wp\/v2\/media?parent=748"}],"wp:term":[{"taxonomy":"category","embeddable":true,"href":"https:\/\/radiogjilani.com\/index.php\/wp-json\/wp\/v2\/categories?post=748"},{"taxonomy":"post_tag","embeddable":true,"href":"https:\/\/radiogjilani.com\/index.php\/wp-json\/wp\/v2\/tags?post=748"}],"curies":[{"name":"wp","href":"https:\/\/api.w.org\/{rel}","templated":true}]}}