{"id":7492,"date":"2024-08-06T11:19:11","date_gmt":"2024-08-06T11:19:11","guid":{"rendered":"https:\/\/radiogjilani.com\/index.php\/2024\/08\/06\/musk-kunderpergjigjet-pasi-kryeministri-kritikoi-postimin-e-luftes-civile-te-mbreterise-se-bashkuar\/"},"modified":"2024-08-06T11:19:11","modified_gmt":"2024-08-06T11:19:11","slug":"musk-kunderpergjigjet-pasi-kryeministri-kritikoi-postimin-e-luftes-civile-te-mbreterise-se-bashkuar","status":"publish","type":"post","link":"https:\/\/radiogjilani.com\/index.php\/2024\/08\/06\/musk-kunderpergjigjet-pasi-kryeministri-kritikoi-postimin-e-luftes-civile-te-mbreterise-se-bashkuar\/","title":{"rendered":"Musk kund\u00ebrp\u00ebrgjigjet pasi kryeministri kritikoi postimin e \u201cluft\u00ebs civile\u201d t\u00eb Mbret\u00ebris\u00eb s\u00eb Bashkuar"},"content":{"rendered":"<p>Sir Keir Starmer ka d\u00ebnuar komentet e Elon Musk q\u00eb sugjerojn\u00eb se \u201clufta civile \u00ebsht\u00eb e pashmangshme\u201d pas trazirave t\u00eb dhunshme n\u00eb MB.<\/p>\n<p>Pronari i X, dikur Twitter, postoi v\u00ebrejtjet n\u00eb platform\u00eb n\u00eb p\u00ebrgjigje t\u00eb nj\u00eb videoje q\u00eb tregonte njer\u00ebz q\u00eb synonin fishekzjarr\u00eb ndaj policis\u00eb.<\/p>\n<p>Z\u00ebdh\u00ebn\u00ebsi i kryeministrit tha se nuk kishte \u201casnj\u00eb justifikim\u201d p\u00ebr komentet e Musk, duke shtuar se kishte m\u00eb shum\u00eb q\u00eb kompanit\u00eb e mediave sociale \u201cmund dhe duhet t\u00eb b\u00ebjn\u00eb\u201d.<\/p>\n<p>Ministrja e Drejt\u00ebsis\u00eb Heidi Alexander gjithashtu kritikoi miliarderin e teknologjis\u00eb p\u00ebr komentet e tij \u201ckrejt\u00ebsisht t\u00eb pajustifikueshme\u201d dhe \u201cmjaft t\u00eb mjerueshme\u201d.<\/p>\n<p>\t\t<i><\/i><ins data-dcm-landing-page-escapes=\"0\" data-dcm-click-tracker=\"https:\/\/track.adform.net\/C\/?bn=73199340;adfibeg=0;cdata=wY0ZHC8ypbQniOq3Sj8hschgQeJ3VY4zU1bO9ulaUP_iCMviXuI_n4RPYRHBxkqVPVtGasWBO2DsQ97SqeB3vafpodL8HlhSS5QNXFy9YSXxjmdMEY9WqD7eKsUQLet9dO-UMsCLM2opnkTpCdy6-w2;;CREFURL=https%3a%2f%2feuro-pixel.com%2ftest.php;C=1;cpdir=\" class=\"dcmads\" data-dcm-placement=\"N571601.4773204ALBANIANPOST.COM\/B32392692.399829096\" data-dcm-rendering-mode=\"iframe\" data-dcm-https-only=\"\" data-dcm-api-frameworks=\"[APIFRAMEWORKS]\" data-dcm-omid-partner=\"[OMIDPARTNER]\" data-dcm-gdpr-applies=\"gdpr=\" data-dcm-gdpr-consent=\"gdpr_consent=\" data-dcm-addtl-consent=\"addtl_consent=${ADDTL_CONSENT}\" data-dcm-ltd=\"false\" data-dcm-resettable-device-id=\"\" data-dcm-app-id=\"\" data-dcm-processed=\"y\"><\/p>\n<p>\t\t<\/ins><\/p>\n<p>\u00c7rregullimi tashm\u00eb ka zgjatur gati nj\u00eb jav\u00eb, pas goditjes me thik\u00eb fatale t\u00eb tre vajzave n\u00eb Southport. Trazirat e m\u00ebvonshme n\u00eb qytete n\u00eb t\u00eb gjith\u00eb Anglin\u00eb dhe n\u00eb pjes\u00eb t\u00eb Irland\u00ebs s\u00eb Veriut jan\u00eb nxitur nga keqinformimi n\u00eb internet, ndjenja e ekstremit t\u00eb djatht\u00eb dhe anti-emigracioni.<\/p>\n<p>Pas postimit t\u00eb Musk p\u00ebr luft\u00ebn civile t\u00eb shtun\u00ebn, ai ka vazhduar t\u00eb komentoj\u00eb p\u00ebr trazirat n\u00eb Mbret\u00ebrin\u00eb e Bashkuar.<\/p>\n<p>Musk iu p\u00ebrgjigj nj\u00eb postimi n\u00eb X nga kryeministri \u2013 n\u00eb t\u00eb cilin Sir Keir tha se nuk do t\u00eb toleronte sulmet ndaj xhamive apo komuniteteve myslimane \u2013 duke pyetur: \u201cA nuk duhet t\u00eb shqet\u00ebsoheni p\u00ebr sulmet ndaj t\u00eb gjitha komuniteteve?\u201d<\/p>\n<p>Miliarderi i teknologjis\u00eb i \u00ebsht\u00eb p\u00ebrgjigjur gjithashtu nj\u00eb postimi q\u00eb kritikonte policin\u00eb n\u00eb Mbret\u00ebrin\u00eb e Bashkuar, duke sugjeruar se p\u00ebrgjigja e policis\u00eb \u201cduket e nj\u00ebanshme\u201d.<\/p>\n<p><strong>\u2018Shum\u00eb e mjerueshme\u2019<\/strong><\/p>\n<p>Duke komentuar komentet e Musk, zonja Alexander i tha BBC Breakfast se ai \u201cka nj\u00eb p\u00ebrgjegj\u00ebsi duke pasur parasysh platform\u00ebn e madhe q\u00eb ka, dhe k\u00ebshtu, t\u00eb jem i sinqert\u00eb, mendoj se komentet e tij jan\u00eb mjaft t\u00eb mjerueshme\u201d.<\/p>\n<p>Musk ka m\u00eb shum\u00eb se 192 milion\u00eb ndjek\u00ebs n\u00eb platform\u00eb.<\/p>\n<p>Kur u pyet n\u00eb lidhje me akuzat p\u00ebr policimin e dyfisht\u00eb n\u00eb MB, Alexander tha se ky ishte nj\u00eb \u201cpohim i pabaz\u00eb\u201d q\u00eb u b\u00ebn nj\u00eb \u201csh\u00ebrbim t\u00eb keq burrave dhe grave t\u00eb policis\u00eb q\u00eb dalin p\u00ebr t\u00eb b\u00ebr\u00eb pun\u00ebn e tyre dhe p\u00ebr t\u00eb mb\u00ebshtetur sundimin e ligjit\u201d.<\/p>\n<p>Ajo shtoi se kompanit\u00eb e mediave sociale kishin nj\u00eb \u201cp\u00ebrgjegj\u00ebsi morale\u201d p\u00ebr t\u00eb b\u00ebr\u00eb thirrje p\u00ebr qet\u00ebsi dhe p\u00ebr t\u00eb ndihmuar n\u00eb shtypjen e dezinformatave.<\/p>\n<p>Z\u00ebdh\u00ebn\u00ebsi i kryeministrit tha gjithashtu se firmat e mediave sociale \u201ckan\u00eb p\u00ebrgjegj\u00ebsi\u201d p\u00ebr t\u00eb siguruar q\u00eb aktiviteti kriminal \u2013 p\u00ebrfshir\u00eb ato jasht\u00eb MB-s\u00eb \u2013 t\u00eb mos shp\u00ebrndahet n\u00eb internet dhe aktor\u00ebt shtet\u00ebror\u00eb mund t\u00eb p\u00ebrforcojn\u00eb dezinformatat.<\/p>\n<p>Por ata nuk do t\u00eb thon\u00eb se cilat vende qeveria beson se jan\u00eb prapa posteve.<\/p>\n<p>T\u00eb h\u00ebn\u00ebn, Sekretari i Teknologjis\u00eb Peter Kyle tha se ai kishte takuar p\u00ebrfaq\u00ebsues nga TikTok, kompania m\u00ebm\u00eb e Facebook-ut Meta, Google dhe X \u201cp\u00ebr t\u00eb b\u00ebr\u00eb t\u00eb qart\u00eb p\u00ebrgjegj\u00ebsin\u00eb e tyre p\u00ebr t\u00eb vazhduar t\u00eb punojn\u00eb me ne p\u00ebr t\u00eb ndaluar p\u00ebrhapjen e dezinformatave dhe nxitjeve t\u00eb urrejtjes\u201d.<\/p>\n<p>Sekretarja e Brendshme, Yvette Cooper, ka th\u00ebn\u00eb gjithashtu se qeveria nuk do t\u00eb toleroj\u00eb \u201cmarr\u00ebzin\u00eb e karrigeve t\u00eb krahut\u201d dhe kompanit\u00eb e mediave sociale duhet t\u00eb \u201cmarrin p\u00ebrgjegj\u00ebsi\u201d mbi postimet n\u00eb internet q\u00eb inkurajojn\u00eb kriminalitetin.<\/p>\n<p>The post <a rel=\"nofollow\" href=\"https:\/\/albanianpost.com\/musk-kunderpergjigjet-pasi-kryeministri-kritikoi-postimin-e-luftes-civile-te-mbreterise-se-bashkuar\/\">Musk kund\u00ebrp\u00ebrgjigjet pasi kryeministri kritikoi postimin e \u201cluft\u00ebs civile\u201d t\u00eb Mbret\u00ebris\u00eb s\u00eb Bashkuar<\/a> appeared first on <a rel=\"nofollow\" href=\"https:\/\/albanianpost.com\/\">Albanian Post<\/a>.<\/p>\n","protected":false},"excerpt":{"rendered":"<p>Sir Keir Starmer ka d\u00ebnuar komentet e Elon Musk q\u00eb sugjerojn\u00eb se \u201clufta civile \u00ebsht\u00eb e pashmangshme\u201d pas trazirave t\u00eb dhunshme n\u00eb MB. Pronari i X, dikur Twitter, postoi v\u00ebrejtjet n\u00eb platform\u00eb n\u00eb p\u00ebrgjigje t\u00eb nj\u00eb videoje q\u00eb tregonte njer\u00ebz q\u00eb synonin fishekzjarr\u00eb ndaj policis\u00eb. Z\u00ebdh\u00ebn\u00ebsi i kryeministrit tha se nuk kishte \u201casnj\u00eb justifikim\u201d p\u00ebr [&hellip;]<\/p>\n","protected":false},"author":1,"featured_media":7493,"comment_status":"open","ping_status":"open","sticky":false,"template":"","format":"standard","meta":{"footnotes":""},"categories":[1],"tags":[],"class_list":["post-7492","post","type-post","status-publish","format-standard","has-post-thumbnail","hentry","category-uncategorized"],"_links":{"self":[{"href":"https:\/\/radiogjilani.com\/index.php\/wp-json\/wp\/v2\/posts\/7492","targetHints":{"allow":["GET"]}}],"collection":[{"href":"https:\/\/radiogjilani.com\/index.php\/wp-json\/wp\/v2\/posts"}],"about":[{"href":"https:\/\/radiogjilani.com\/index.php\/wp-json\/wp\/v2\/types\/post"}],"author":[{"embeddable":true,"href":"https:\/\/radiogjilani.com\/index.php\/wp-json\/wp\/v2\/users\/1"}],"replies":[{"embeddable":true,"href":"https:\/\/radiogjilani.com\/index.php\/wp-json\/wp\/v2\/comments?post=7492"}],"version-history":[{"count":0,"href":"https:\/\/radiogjilani.com\/index.php\/wp-json\/wp\/v2\/posts\/7492\/revisions"}],"wp:featuredmedia":[{"embeddable":true,"href":"https:\/\/radiogjilani.com\/index.php\/wp-json\/wp\/v2\/media\/7493"}],"wp:attachment":[{"href":"https:\/\/radiogjilani.com\/index.php\/wp-json\/wp\/v2\/media?parent=7492"}],"wp:term":[{"taxonomy":"category","embeddable":true,"href":"https:\/\/radiogjilani.com\/index.php\/wp-json\/wp\/v2\/categories?post=7492"},{"taxonomy":"post_tag","embeddable":true,"href":"https:\/\/radiogjilani.com\/index.php\/wp-json\/wp\/v2\/tags?post=7492"}],"curies":[{"name":"wp","href":"https:\/\/api.w.org\/{rel}","templated":true}]}}