{"id":7494,"date":"2024-08-06T11:19:10","date_gmt":"2024-08-06T11:19:10","guid":{"rendered":"https:\/\/radiogjilani.com\/index.php\/2024\/08\/06\/organizatoret-konfirmojne-anulimin-e-stervitjes-ne-senen-e-ndotur\/"},"modified":"2024-08-06T11:19:10","modified_gmt":"2024-08-06T11:19:10","slug":"organizatoret-konfirmojne-anulimin-e-stervitjes-ne-senen-e-ndotur","status":"publish","type":"post","link":"https:\/\/radiogjilani.com\/index.php\/2024\/08\/06\/organizatoret-konfirmojne-anulimin-e-stervitjes-ne-senen-e-ndotur\/","title":{"rendered":"Organizator\u00ebt konfirmojn\u00eb anulimin e st\u00ebrvitjes n\u00eb Sen\u00ebn e ndotur"},"content":{"rendered":"<p>St\u00ebrvitja p\u00ebr notin n\u00eb uj\u00eb t\u00eb hapur n\u00eb Loj\u00ebrat Olimpike t\u00eb Parisit u anulua t\u00eb mart\u00ebn p\u00ebr shkak t\u00eb cil\u00ebsis\u00eb s\u00eb dob\u00ebt t\u00eb ujit n\u00eb lumin Sena, hera e pest\u00eb q\u00eb organizator\u00ebt kan\u00eb vepruar p\u00ebr t\u00eb mbrojtur sh\u00ebndetin e atlet\u00ebve.<\/p>\n<p>Kat\u00ebr rastet e para lidheshin me ngjarjet e triatlonit n\u00eb kryeqytetin francez, me triatlonin e meshkujve t\u00eb shtyr\u00eb me nj\u00eb dit\u00eb.<\/p>\n<p>Sena ka qen\u00eb n\u00eb qend\u00ebr t\u00eb v\u00ebmendjes gjat\u00eb Loj\u00ebrave, duke d\u00ebshtuar vazhdimisht n\u00eb testet e cil\u00ebsis\u00eb s\u00eb ujit, pavar\u00ebsisht nj\u00eb fondi prej 1.4 miliard\u00eb eurosh p\u00ebr t\u00eb p\u00ebrmir\u00ebsuar sistemet e kanalizimeve dhe trajtimit t\u00eb ujit n\u00eb Paris.<\/p>\n<p>Organizator\u00ebt l\u00ebshuan nj\u00eb deklarat\u00eb t\u00eb mart\u00ebn duke th\u00ebn\u00eb se sesioni i notit maraton\u00eb nuk do t\u00eb vazhdoj\u00eb.<\/p>\n<p>\t\t<i><\/i><ins data-dcm-landing-page-escapes=\"0\" data-dcm-click-tracker=\"https:\/\/track.adform.net\/C\/?bn=73199340;adfibeg=0;cdata=wY0ZHC8ypbQniOq3Sj8hschgQeJ3VY4zU1bO9ulaUP_iCMviXuI_n4RPYRHBxkqVPVtGasWBO2DsQ97SqeB3vafpodL8HlhSS5QNXFy9YSXxjmdMEY9WqD7eKsUQLet9dO-UMsCLM2opnkTpCdy6-w2;;CREFURL=https%3a%2f%2feuro-pixel.com%2ftest.php;C=1;cpdir=\" class=\"dcmads\" data-dcm-placement=\"N571601.4773204ALBANIANPOST.COM\/B32392692.399829096\" data-dcm-rendering-mode=\"iframe\" data-dcm-https-only=\"\" data-dcm-api-frameworks=\"[APIFRAMEWORKS]\" data-dcm-omid-partner=\"[OMIDPARTNER]\" data-dcm-gdpr-applies=\"gdpr=\" data-dcm-gdpr-consent=\"gdpr_consent=\" data-dcm-addtl-consent=\"addtl_consent=${ADDTL_CONSENT}\" data-dcm-ltd=\"false\" data-dcm-resettable-device-id=\"\" data-dcm-app-id=\"\" data-dcm-processed=\"y\"><\/p>\n<p>\t\t<\/ins><\/p>\n<p>\u201cPas takimit m\u00ebngjesin e sot\u00ebm mes Ville de Paris, \u2018Paris 2024\u2019 dhe World Aquatics, \u00ebsht\u00eb vendosur q\u00eb seanca st\u00ebrvit\u00ebse q\u00eb do t\u00eb zhvillohet sot, 6 gusht 2024, t\u00eb anulohet\u201d, thuhet n\u00eb deklarat\u00eb.<\/p>\n<p>Disa sportist\u00eb t\u00eb triatlonit kishin shprehur zhg\u00ebnjim p\u00ebr anulimet e p\u00ebrs\u00ebritura dhe pasigurin\u00eb.<\/p>\n<p>Lumi Sen\u00eb u gjykua mjaft i past\u00ebr p\u00ebr t\u00eb organizuar stafet\u00ebn e p\u00ebrzier t\u00eb triatlonit t\u00eb h\u00ebn\u00ebn pas pasiguris\u00eb mbi nivelet e ndotjes dhe s\u00ebmundjeve q\u00eb mund t\u00eb shkaktonte.<\/p>\n<p>Gara doli t\u00eb ishte nj\u00eb thriller, Laura Lindemann e Gjermanis\u00eb po mbante nj\u00eb sfid\u00eb t\u00eb ashp\u00ebr nga Shtetet e Bashkuara dhe Britania p\u00ebr t\u00eb marr\u00eb arin.<\/p>\n<p>Noti maraton\u00eb prej 10 kilometrash p\u00ebr femra do t\u00eb zhvillohet her\u00ebt t\u00eb enjten, me gar\u00ebn e meshkujve t\u00eb listuar p\u00ebr dit\u00ebn tjet\u00ebr.<\/p>\n<p>The post <a rel=\"nofollow\" href=\"https:\/\/albanianpost.com\/organizatoret-konfirmojne-anulimin-e-stervitjes-ne-senen-e-ndotur\/\">Organizator\u00ebt konfirmojn\u00eb anulimin e st\u00ebrvitjes n\u00eb Sen\u00ebn e ndotur<\/a> appeared first on <a rel=\"nofollow\" href=\"https:\/\/albanianpost.com\/\">Albanian Post<\/a>.<\/p>\n","protected":false},"excerpt":{"rendered":"<p>St\u00ebrvitja p\u00ebr notin n\u00eb uj\u00eb t\u00eb hapur n\u00eb Loj\u00ebrat Olimpike t\u00eb Parisit u anulua t\u00eb mart\u00ebn p\u00ebr shkak t\u00eb cil\u00ebsis\u00eb s\u00eb dob\u00ebt t\u00eb ujit n\u00eb lumin Sena, hera e pest\u00eb q\u00eb organizator\u00ebt kan\u00eb vepruar p\u00ebr t\u00eb mbrojtur sh\u00ebndetin e atlet\u00ebve. Kat\u00ebr rastet e para lidheshin me ngjarjet e triatlonit n\u00eb kryeqytetin francez, me triatlonin e [&hellip;]<\/p>\n","protected":false},"author":1,"featured_media":7495,"comment_status":"open","ping_status":"open","sticky":false,"template":"","format":"standard","meta":{"footnotes":""},"categories":[1],"tags":[],"class_list":["post-7494","post","type-post","status-publish","format-standard","has-post-thumbnail","hentry","category-uncategorized"],"_links":{"self":[{"href":"https:\/\/radiogjilani.com\/index.php\/wp-json\/wp\/v2\/posts\/7494","targetHints":{"allow":["GET"]}}],"collection":[{"href":"https:\/\/radiogjilani.com\/index.php\/wp-json\/wp\/v2\/posts"}],"about":[{"href":"https:\/\/radiogjilani.com\/index.php\/wp-json\/wp\/v2\/types\/post"}],"author":[{"embeddable":true,"href":"https:\/\/radiogjilani.com\/index.php\/wp-json\/wp\/v2\/users\/1"}],"replies":[{"embeddable":true,"href":"https:\/\/radiogjilani.com\/index.php\/wp-json\/wp\/v2\/comments?post=7494"}],"version-history":[{"count":0,"href":"https:\/\/radiogjilani.com\/index.php\/wp-json\/wp\/v2\/posts\/7494\/revisions"}],"wp:featuredmedia":[{"embeddable":true,"href":"https:\/\/radiogjilani.com\/index.php\/wp-json\/wp\/v2\/media\/7495"}],"wp:attachment":[{"href":"https:\/\/radiogjilani.com\/index.php\/wp-json\/wp\/v2\/media?parent=7494"}],"wp:term":[{"taxonomy":"category","embeddable":true,"href":"https:\/\/radiogjilani.com\/index.php\/wp-json\/wp\/v2\/categories?post=7494"},{"taxonomy":"post_tag","embeddable":true,"href":"https:\/\/radiogjilani.com\/index.php\/wp-json\/wp\/v2\/tags?post=7494"}],"curies":[{"name":"wp","href":"https:\/\/api.w.org\/{rel}","templated":true}]}}