{"id":7498,"date":"2024-08-06T11:19:08","date_gmt":"2024-08-06T11:19:08","guid":{"rendered":"https:\/\/radiogjilani.com\/index.php\/2024\/08\/06\/hehir-e-cileson-kercenim-te-zbrazet-deklaraten-e-rohdes-rreth-ngecjes-ne-inbox-te-aplikimit-te-kosoves-ne-be\/"},"modified":"2024-08-06T11:19:08","modified_gmt":"2024-08-06T11:19:08","slug":"hehir-e-cileson-kercenim-te-zbrazet-deklaraten-e-rohdes-rreth-ngecjes-ne-inbox-te-aplikimit-te-kosoves-ne-be","status":"publish","type":"post","link":"https:\/\/radiogjilani.com\/index.php\/2024\/08\/06\/hehir-e-cileson-kercenim-te-zbrazet-deklaraten-e-rohdes-rreth-ngecjes-ne-inbox-te-aplikimit-te-kosoves-ne-be\/","title":{"rendered":"Hehir e cil\u00ebson \u201ck\u00ebrc\u00ebnim t\u00eb zbraz\u00ebt\u201d deklarat\u00ebn e Rohdes rreth \u201cngecjes n\u00eb inbox\u201d t\u00eb aplikimit t\u00eb Kosov\u00ebs n\u00eb BE"},"content":{"rendered":"<p>Aidan Hehir, ligj\u00ebrues n\u00eb Universitetin e Westminsterit n\u00eb Lond\u00ebr t\u00eb Britanis\u00eb s\u00eb Madhe, ka reaguar p\u00ebrmes nj\u00eb postimi n\u00eb \u201cX\u201d ndaj deklarat\u00ebs s\u00eb ambasadorit gjerman n\u00eb Prishtin\u00eb, Jorn Rohde, duke e cil\u00ebsuar \u201ck\u00ebrc\u00ebnim t\u00eb zbraz\u00ebt\u201d paralajm\u00ebrimin se \u201cveprimet e nj\u00ebanshme\u201d rrezikojn\u00eb ta l\u00ebn\u00eb t\u00eb bllokuar aplikimin e Kosov\u00ebs p\u00ebr an\u00ebtar\u00ebsim n\u00eb Bashkimin Evropian (BE).<\/p>\n<p>\u201cNj\u00eb k\u00ebrc\u00ebnim shum\u00eb i zbraz\u00ebt. Aplikimi i Kosov\u00ebs p\u00ebr an\u00ebtar\u00ebsim n\u00eb BE \u2013 padrejt\u00ebsisht \u2013 ka \u2018ngecur n\u00eb inbox\u2019 prej dekadave. Pavar\u00ebsisht progresit q\u00eb ka b\u00ebr\u00eb dhe mb\u00ebshtetjes s\u00eb madhe brenda vendit p\u00ebr an\u00ebtar\u00ebsim, ajo nuk \u00ebsht\u00eb as vend kandidat; zyrtarisht \u00ebsht\u00eb vet\u00ebm nj\u00eb \u2018kandidat potencial\u2019\u201d.<\/p>\n<p>Kosova ka dor\u00ebzuar dokumentacionin p\u00ebr an\u00ebtar\u00ebsim n\u00eb BE n\u00eb dhjetor t\u00eb vitit 2022, por K\u00ebshilli i BE-s\u00eb ende nuk e ka shqyrtuar. Dhe arsye p\u00ebr k\u00ebt\u00eb jan\u00eb kryesisht tensionet e vazhdueshme n\u00eb marr\u00ebdh\u00ebniet Prishtin\u00eb-Beograd. Dhe kjo pritet t\u00eb mos ndryshoj\u00eb p\u00ebr shkak t\u00eb \u201chapave t\u00eb nj\u00ebansh\u00ebm\u201d n\u00eb veri.<\/p>\n<p>\u201cHapat e nj\u00ebansh\u00ebm dhe t\u00eb pakoordinuar jo vet\u00ebm q\u00eb bien ndesh me marr\u00ebveshjet e dialogut, por \u2013 edhe m\u00eb keq \u2013 rrezikojn\u00eb q\u00eb aplikimi p\u00ebr an\u00ebtar\u00ebsim n\u00eb BE t\u00eb mbetet i mb\u00ebrthyer n\u00eb inbox. BE-ja lul\u00ebzon duke marr\u00eb me vete t\u00eb gjith\u00eb an\u00ebtar\u00ebt dhe komunitetet e tyre dhe ne kemi nevoj\u00eb p\u00ebr t\u00eb nj\u00ebjt\u00ebn qasje n\u00eb nivel komb\u00ebtar\u201d, ka th\u00ebn\u00eb ambasadori gjerman gjat\u00eb dit\u00ebs.<\/p>\n<p>\t\t<i><\/i><ins data-dcm-landing-page-escapes=\"0\" data-dcm-click-tracker=\"https:\/\/track.adform.net\/C\/?bn=73199340;adfibeg=0;cdata=wY0ZHC8ypbQniOq3Sj8hschgQeJ3VY4zU1bO9ulaUP_iCMviXuI_n4RPYRHBxkqVPVtGasWBO2DsQ97SqeB3vafpodL8HlhSS5QNXFy9YSXxjmdMEY9WqD7eKsUQLet9dO-UMsCLM2opnkTpCdy6-w2;;CREFURL=https%3a%2f%2feuro-pixel.com%2ftest.php;C=1;cpdir=\" class=\"dcmads\" data-dcm-placement=\"N571601.4773204ALBANIANPOST.COM\/B32392692.399829096\" data-dcm-rendering-mode=\"iframe\" data-dcm-https-only=\"\" data-dcm-api-frameworks=\"[APIFRAMEWORKS]\" data-dcm-omid-partner=\"[OMIDPARTNER]\" data-dcm-gdpr-applies=\"gdpr=\" data-dcm-gdpr-consent=\"gdpr_consent=\" data-dcm-addtl-consent=\"addtl_consent=${ADDTL_CONSENT}\" data-dcm-ltd=\"false\" data-dcm-resettable-device-id=\"\" data-dcm-app-id=\"\" data-dcm-processed=\"y\"><\/p>\n<p>\t\t<\/ins><\/p>\n<p>Gjithashtu, eksperti i politik\u00ebs s\u00eb BE-s\u00eb nga K\u00ebshilli p\u00ebr Politikat e Demokratizimit (DPC), Toby Vogel, ka reaguar ndaj deklarat\u00ebs s\u00eb Rohdes, duke th\u00ebn\u00eb se ai \u00ebsht\u00eb duke mashtruar: \u201cQytetar\u00ebt dhe politikan\u00ebt e Kosov\u00ebs e din\u00eb q\u00eb nuk ka rrug\u00eb p\u00ebr an\u00ebtar\u00ebsimin e shtetit t\u00eb tyre n\u00eb BE\u201d.<\/p>\n<p>The post <a rel=\"nofollow\" href=\"https:\/\/albanianpost.com\/hehir-e-cileson-kercenim-te-zbrazet-deklaraten-e-rohdes-rreth-ngecjes-ne-inbox-te-aplikimit-te-kosoves-ne-be\/\">Hehir e cil\u00ebson \u201ck\u00ebrc\u00ebnim t\u00eb zbraz\u00ebt\u201d deklarat\u00ebn e Rohdes rreth \u201cngecjes n\u00eb inbox\u201d t\u00eb aplikimit t\u00eb Kosov\u00ebs n\u00eb BE<\/a> appeared first on <a rel=\"nofollow\" href=\"https:\/\/albanianpost.com\/\">Albanian Post<\/a>.<\/p>\n","protected":false},"excerpt":{"rendered":"<p>Aidan Hehir, ligj\u00ebrues n\u00eb Universitetin e Westminsterit n\u00eb Lond\u00ebr t\u00eb Britanis\u00eb s\u00eb Madhe, ka reaguar p\u00ebrmes nj\u00eb postimi n\u00eb \u201cX\u201d ndaj deklarat\u00ebs s\u00eb ambasadorit gjerman n\u00eb Prishtin\u00eb, Jorn Rohde, duke e cil\u00ebsuar \u201ck\u00ebrc\u00ebnim t\u00eb zbraz\u00ebt\u201d paralajm\u00ebrimin se \u201cveprimet e nj\u00ebanshme\u201d rrezikojn\u00eb ta l\u00ebn\u00eb t\u00eb bllokuar aplikimin e Kosov\u00ebs p\u00ebr an\u00ebtar\u00ebsim n\u00eb Bashkimin Evropian (BE). \u201cNj\u00eb [&hellip;]<\/p>\n","protected":false},"author":1,"featured_media":7499,"comment_status":"open","ping_status":"open","sticky":false,"template":"","format":"standard","meta":{"footnotes":""},"categories":[1],"tags":[],"class_list":["post-7498","post","type-post","status-publish","format-standard","has-post-thumbnail","hentry","category-uncategorized"],"_links":{"self":[{"href":"https:\/\/radiogjilani.com\/index.php\/wp-json\/wp\/v2\/posts\/7498","targetHints":{"allow":["GET"]}}],"collection":[{"href":"https:\/\/radiogjilani.com\/index.php\/wp-json\/wp\/v2\/posts"}],"about":[{"href":"https:\/\/radiogjilani.com\/index.php\/wp-json\/wp\/v2\/types\/post"}],"author":[{"embeddable":true,"href":"https:\/\/radiogjilani.com\/index.php\/wp-json\/wp\/v2\/users\/1"}],"replies":[{"embeddable":true,"href":"https:\/\/radiogjilani.com\/index.php\/wp-json\/wp\/v2\/comments?post=7498"}],"version-history":[{"count":0,"href":"https:\/\/radiogjilani.com\/index.php\/wp-json\/wp\/v2\/posts\/7498\/revisions"}],"wp:featuredmedia":[{"embeddable":true,"href":"https:\/\/radiogjilani.com\/index.php\/wp-json\/wp\/v2\/media\/7499"}],"wp:attachment":[{"href":"https:\/\/radiogjilani.com\/index.php\/wp-json\/wp\/v2\/media?parent=7498"}],"wp:term":[{"taxonomy":"category","embeddable":true,"href":"https:\/\/radiogjilani.com\/index.php\/wp-json\/wp\/v2\/categories?post=7498"},{"taxonomy":"post_tag","embeddable":true,"href":"https:\/\/radiogjilani.com\/index.php\/wp-json\/wp\/v2\/tags?post=7498"}],"curies":[{"name":"wp","href":"https:\/\/api.w.org\/{rel}","templated":true}]}}