{"id":7506,"date":"2024-08-06T11:19:04","date_gmt":"2024-08-06T11:19:04","guid":{"rendered":"https:\/\/radiogjilani.com\/index.php\/2024\/08\/06\/mbyllja-e-degeve-te-postes-serbe-kryetari-i-listes-serbe-do-ti-rezistojme-presioneve-me-ndihmen-e-vucic-it\/"},"modified":"2024-08-06T11:19:04","modified_gmt":"2024-08-06T11:19:04","slug":"mbyllja-e-degeve-te-postes-serbe-kryetari-i-listes-serbe-do-ti-rezistojme-presioneve-me-ndihmen-e-vucic-it","status":"publish","type":"post","link":"https:\/\/radiogjilani.com\/index.php\/2024\/08\/06\/mbyllja-e-degeve-te-postes-serbe-kryetari-i-listes-serbe-do-ti-rezistojme-presioneve-me-ndihmen-e-vucic-it\/","title":{"rendered":"Mbyllja e deg\u00ebve t\u00eb post\u00ebs serbe, kryetari i List\u00ebs Serbe: Do t\u2019i rezistojm\u00eb presioneve me ndihm\u00ebn e Vu\u00e7i\u00e7-it"},"content":{"rendered":"<p>Ashtu edhe si\u00e7 pritej, p\u00ebrfaq\u00ebsuesit e List\u00ebs Serbe \u2013 partis\u00eb m\u00eb t\u00eb madhe t\u00eb serb\u00ebve t\u00eb Kosov\u00ebs \u2013 me n\u00eb krye kryetarin e saj, Zlatan Elek, e kan\u00eb kund\u00ebrshtuar mbylljen e n\u00ebnt\u00eb deg\u00ebve t\u00eb Post\u00ebs s\u00eb Serbis\u00eb n\u00eb pjes\u00ebn veriore t\u00eb Kosov\u00ebs.<\/p>\n<p>\u201cDo t\u00eb vazhdojm\u00eb t\u00eb jetojm\u00eb, punojn\u00eb n\u00eb k\u00ebto zona dhe do t\u2019i rezistojm\u00eb presioneve t\u00eb pushtetit n\u00eb Prishtin\u00eb, si\u00e7 ishte bastisja e dhunshme e djeshme n\u00eb objektet e Post\u00ebs s\u00eb Serbis\u00eb n\u00eb territorin e Republik\u00ebs s\u00eb Kosov\u00ebs, e cila ishte e paligjshme dhe kund\u00ebr t\u00eb gjitha marr\u00ebveshjeve t\u00eb arritura n\u00eb Bruksel n\u00eb vitin 2015\u201d, tha Elek, n\u00eb nj\u00eb intervist\u00eb p\u00ebr mediumin serb <a href=\"https:\/\/www.youtube.com\/watch?v=9UC7AnF9PXc\">Tv Most<\/a>.<\/p>\n<p>\u201cN\u00eb k\u00ebto momente duhet t\u00eb jemi t\u00eb bashkuar. Drejt\u00ebsia \u00ebsht\u00eb n\u00eb an\u00ebn ton\u00eb dhe ne do t\u00eb q\u00ebndrojm\u00eb dhe do t\u00eb mbijetojm\u00eb n\u00eb k\u00ebto zona me ndihm\u00ebn e Republik\u00ebs s\u00eb Serbis\u00eb dhe presidentit ton\u00eb Aleksand\u00ebr Vu\u00e7i\u00e7\u201d, shtoi ai.<\/p>\n<p>Nd\u00ebrkaq presidenti serb Aleksand\u00ebr Vu\u00e7i\u00e7, ka pretenduar se kryeministri i Kosov\u00ebs, Albin Kurti, \u00ebsht\u00eb i interesuar p\u00ebr \u201ckonflikt t\u00eb armatosur\u201d.<\/p>\n<p>\t\t<i><\/i><ins data-dcm-landing-page-escapes=\"0\" data-dcm-click-tracker=\"https:\/\/track.adform.net\/C\/?bn=73199340;adfibeg=0;cdata=wY0ZHC8ypbQniOq3Sj8hschgQeJ3VY4zU1bO9ulaUP_iCMviXuI_n4RPYRHBxkqVPVtGasWBO2DsQ97SqeB3vafpodL8HlhSS5QNXFy9YSXxjmdMEY9WqD7eKsUQLet9dO-UMsCLM2opnkTpCdy6-w2;;CREFURL=https%3a%2f%2feuro-pixel.com%2ftest.php;C=1;cpdir=\" class=\"dcmads\" data-dcm-placement=\"N571601.4773204ALBANIANPOST.COM\/B32392692.399829096\" data-dcm-rendering-mode=\"iframe\" data-dcm-https-only=\"\" data-dcm-api-frameworks=\"[APIFRAMEWORKS]\" data-dcm-omid-partner=\"[OMIDPARTNER]\" data-dcm-gdpr-applies=\"gdpr=\" data-dcm-gdpr-consent=\"gdpr_consent=\" data-dcm-addtl-consent=\"addtl_consent=${ADDTL_CONSENT}\" data-dcm-ltd=\"false\" data-dcm-resettable-device-id=\"\" data-dcm-app-id=\"\" data-dcm-processed=\"y\"><\/p>\n<p>\t\t<\/ins><\/p>\n<p>\u201cNe nuk duam luft\u00eb, duam t\u00eb ruajm\u00eb paqen. Kurti po e b\u00ebn k\u00ebt\u00eb n\u00eb m\u00ebnyr\u00eb t\u00eb q\u00ebllimshme dhe t\u00eb organizuar, me mb\u00ebshtetjen e disa fuqive per\u00ebndimore\u201d, theksoi Vu\u00e7i\u00e7 para gazetar\u00ebve.<\/p>\n<p>Ai po ashtu ka pretenduar se me veprimet e fundit \u00ebsht\u00eb shkelur nj\u00eb marr\u00ebveshje e vitit 2015, e arritur n\u00eb Bruksel, p\u00ebr telekomunikacionin dhe Post\u00ebn e Serbis\u00eb.<\/p>\n<p>\u201cUn\u00eb jam shum\u00eb i shqet\u00ebsuar. Nuk do t\u00eb flas m\u00eb tutje sepse kam frik\u00eb se mund t\u00eb d\u00ebmtoj\u00eb interesat e Serbis\u00eb. Un\u00eb personalisht kam folur me Laj\u00e7akun, k\u00ebshtu q\u00eb do t\u00eb shohim se \u00e7far\u00eb do t\u00eb b\u00ebjn\u00eb\u201d, potencoi ai.<\/p>\n<p>N\u00eb Mitrovic\u00eb t\u00eb Veriut dhe Leposaviq u mbyll\u00ebn nga tri objekte, n\u00eb Zve\u00e7an dy, dhe nj\u00eb n\u00eb Zubin Potok.<\/p>\n<p>Nga Policia e Kosov\u00ebs than\u00eb se aksioni u zhvillua pas informat\u00ebs s\u00eb pranuar nga Autoriteti Rregullativ i Komunikimeve Elektronike dhe Postare (ARKEP) se n\u00eb territorin e Kosov\u00ebs po operojn\u00eb operator\u00eb ekonomik\u00eb pa licenc\u00eb dhe q\u00eb nuk jan\u00eb t\u00eb regjistruar n\u00eb Agjencin\u00eb p\u00ebr Regjistrimin e Bizneseve n\u00eb Kosov\u00eb (ARBK).<\/p>\n<p>Bashkimi Evropian e kritikoi aksionin, duke th\u00ebn\u00eb se ishte nj\u00eb veprim i nj\u00ebansh\u00ebm dhe i pakoordinuar i autoriteteve t\u00eb Kosov\u00ebs.<\/p>\n<p>Edhe Shtetet e Bashkuara than\u00eb se jan\u00eb \u201cthell\u00ebsisht t\u00eb zhg\u00ebnjyera\u201d p\u00ebr mbylljen e deg\u00ebve t\u00eb Post\u00ebs s\u00eb Serbis\u00eb.<\/p>\n<p>The post <a rel=\"nofollow\" href=\"https:\/\/albanianpost.com\/mbyllja-e-degeve-te-postes-serbe-kryetari-i-listes-serbe-do-ti-rezistojme-presioneve-me-ndihmen-e-vucic-it\/\">Mbyllja e deg\u00ebve t\u00eb post\u00ebs serbe, kryetari i List\u00ebs Serbe: Do t\u2019i rezistojm\u00eb presioneve me ndihm\u00ebn e Vu\u00e7i\u00e7-it<\/a> appeared first on <a rel=\"nofollow\" href=\"https:\/\/albanianpost.com\/\">Albanian Post<\/a>.<\/p>\n","protected":false},"excerpt":{"rendered":"<p>Ashtu edhe si\u00e7 pritej, p\u00ebrfaq\u00ebsuesit e List\u00ebs Serbe \u2013 partis\u00eb m\u00eb t\u00eb madhe t\u00eb serb\u00ebve t\u00eb Kosov\u00ebs \u2013 me n\u00eb krye kryetarin e saj, Zlatan Elek, e kan\u00eb kund\u00ebrshtuar mbylljen e n\u00ebnt\u00eb deg\u00ebve t\u00eb Post\u00ebs s\u00eb Serbis\u00eb n\u00eb pjes\u00ebn veriore t\u00eb Kosov\u00ebs. \u201cDo t\u00eb vazhdojm\u00eb t\u00eb jetojm\u00eb, punojn\u00eb n\u00eb k\u00ebto zona dhe do t\u2019i rezistojm\u00eb [&hellip;]<\/p>\n","protected":false},"author":1,"featured_media":7507,"comment_status":"open","ping_status":"open","sticky":false,"template":"","format":"standard","meta":{"footnotes":""},"categories":[1],"tags":[],"class_list":["post-7506","post","type-post","status-publish","format-standard","has-post-thumbnail","hentry","category-uncategorized"],"_links":{"self":[{"href":"https:\/\/radiogjilani.com\/index.php\/wp-json\/wp\/v2\/posts\/7506","targetHints":{"allow":["GET"]}}],"collection":[{"href":"https:\/\/radiogjilani.com\/index.php\/wp-json\/wp\/v2\/posts"}],"about":[{"href":"https:\/\/radiogjilani.com\/index.php\/wp-json\/wp\/v2\/types\/post"}],"author":[{"embeddable":true,"href":"https:\/\/radiogjilani.com\/index.php\/wp-json\/wp\/v2\/users\/1"}],"replies":[{"embeddable":true,"href":"https:\/\/radiogjilani.com\/index.php\/wp-json\/wp\/v2\/comments?post=7506"}],"version-history":[{"count":0,"href":"https:\/\/radiogjilani.com\/index.php\/wp-json\/wp\/v2\/posts\/7506\/revisions"}],"wp:featuredmedia":[{"embeddable":true,"href":"https:\/\/radiogjilani.com\/index.php\/wp-json\/wp\/v2\/media\/7507"}],"wp:attachment":[{"href":"https:\/\/radiogjilani.com\/index.php\/wp-json\/wp\/v2\/media?parent=7506"}],"wp:term":[{"taxonomy":"category","embeddable":true,"href":"https:\/\/radiogjilani.com\/index.php\/wp-json\/wp\/v2\/categories?post=7506"},{"taxonomy":"post_tag","embeddable":true,"href":"https:\/\/radiogjilani.com\/index.php\/wp-json\/wp\/v2\/tags?post=7506"}],"curies":[{"name":"wp","href":"https:\/\/api.w.org\/{rel}","templated":true}]}}