{"id":7526,"date":"2024-08-07T11:27:26","date_gmt":"2024-08-07T11:27:26","guid":{"rendered":"https:\/\/radiogjilani.com\/index.php\/2024\/08\/07\/peci-ne-ditet-e-mjedres-frut-strategjik-qe-mund-ta-zhvilloje-shume-vendin-ministria-ka-rritur-perkrahjen\/"},"modified":"2024-08-07T11:27:26","modified_gmt":"2024-08-07T11:27:26","slug":"peci-ne-ditet-e-mjedres-frut-strategjik-qe-mund-ta-zhvilloje-shume-vendin-ministria-ka-rritur-perkrahjen","status":"publish","type":"post","link":"https:\/\/radiogjilani.com\/index.php\/2024\/08\/07\/peci-ne-ditet-e-mjedres-frut-strategjik-qe-mund-ta-zhvilloje-shume-vendin-ministria-ka-rritur-perkrahjen\/","title":{"rendered":"Peci n\u00eb \u201cDit\u00ebt e Mjedr\u00ebs\u201d: Frut strategjik q\u00eb mund ta zhvilloj\u00eb shum\u00eb vendin, Ministria ka rritur p\u00ebrkrahjen"},"content":{"rendered":"<p>Shoqata Nacionale \u201cMjedra e Kosov\u00ebs\u201d, p\u00ebr her\u00eb t\u00eb tret\u00eb radhazi, ka organizuar dit\u00ebn fushore \u201cDit\u00ebt e Mjedr\u00ebs\u201d, ku mori pjes\u00eb edhe ministri i Bujq\u00ebsis\u00eb, Pylltaris\u00eb dhe Zhvillimit Rural, Faton Peci, raporton Ekonomia Online. Ministri Peci e ka quajtur mjedr\u00ebn \u201cfrut strategjik\u201d, kultivimi i t\u00eb cil\u00ebs, sipas tij, ka d\u00ebshmuar potencialin e madh p\u00ebr zhvillimin ekonomik t\u00eb vendit. Ai ka shtuar se&#8230;<\/p>\n<p><a href=\"https:\/\/ekonomiaonline.com\/peci-ne-ditet-e-mjedres-frut-strategjik-qe-mund-ta-zhvilloje-shume-vendin-ministria-ka-rritur-perkrahjen\/\" rel=\"nofollow\">Source<\/a><\/p>\n","protected":false},"excerpt":{"rendered":"<p>Shoqata Nacionale \u201cMjedra e Kosov\u00ebs\u201d, p\u00ebr her\u00eb t\u00eb tret\u00eb radhazi, ka organizuar dit\u00ebn fushore \u201cDit\u00ebt e Mjedr\u00ebs\u201d, ku mori pjes\u00eb edhe ministri i Bujq\u00ebsis\u00eb, Pylltaris\u00eb dhe Zhvillimit Rural, Faton Peci, raporton Ekonomia Online. Ministri Peci e ka quajtur mjedr\u00ebn \u201cfrut strategjik\u201d, kultivimi i t\u00eb cil\u00ebs, sipas tij, ka d\u00ebshmuar potencialin e madh p\u00ebr zhvillimin ekonomik [&hellip;]<\/p>\n","protected":false},"author":1,"featured_media":7527,"comment_status":"open","ping_status":"open","sticky":false,"template":"","format":"standard","meta":{"footnotes":""},"categories":[19],"tags":[],"class_list":["post-7526","post","type-post","status-publish","format-standard","has-post-thumbnail","hentry","category-eko"],"_links":{"self":[{"href":"https:\/\/radiogjilani.com\/index.php\/wp-json\/wp\/v2\/posts\/7526","targetHints":{"allow":["GET"]}}],"collection":[{"href":"https:\/\/radiogjilani.com\/index.php\/wp-json\/wp\/v2\/posts"}],"about":[{"href":"https:\/\/radiogjilani.com\/index.php\/wp-json\/wp\/v2\/types\/post"}],"author":[{"embeddable":true,"href":"https:\/\/radiogjilani.com\/index.php\/wp-json\/wp\/v2\/users\/1"}],"replies":[{"embeddable":true,"href":"https:\/\/radiogjilani.com\/index.php\/wp-json\/wp\/v2\/comments?post=7526"}],"version-history":[{"count":0,"href":"https:\/\/radiogjilani.com\/index.php\/wp-json\/wp\/v2\/posts\/7526\/revisions"}],"wp:featuredmedia":[{"embeddable":true,"href":"https:\/\/radiogjilani.com\/index.php\/wp-json\/wp\/v2\/media\/7527"}],"wp:attachment":[{"href":"https:\/\/radiogjilani.com\/index.php\/wp-json\/wp\/v2\/media?parent=7526"}],"wp:term":[{"taxonomy":"category","embeddable":true,"href":"https:\/\/radiogjilani.com\/index.php\/wp-json\/wp\/v2\/categories?post=7526"},{"taxonomy":"post_tag","embeddable":true,"href":"https:\/\/radiogjilani.com\/index.php\/wp-json\/wp\/v2\/tags?post=7526"}],"curies":[{"name":"wp","href":"https:\/\/api.w.org\/{rel}","templated":true}]}}