{"id":7546,"date":"2024-08-07T11:28:25","date_gmt":"2024-08-07T11:28:25","guid":{"rendered":"https:\/\/radiogjilani.com\/index.php\/2024\/08\/07\/aksident-me-5-te-plagosur-ne-pogradec\/"},"modified":"2024-08-07T11:28:25","modified_gmt":"2024-08-07T11:28:25","slug":"aksident-me-5-te-plagosur-ne-pogradec","status":"publish","type":"post","link":"https:\/\/radiogjilani.com\/index.php\/2024\/08\/07\/aksident-me-5-te-plagosur-ne-pogradec\/","title":{"rendered":"Aksident me 5 t\u00eb plagosur n\u00eb Pogradec"},"content":{"rendered":"<p>Nj\u00eb aksident i r\u00ebnd\u00eb \u00ebsht\u00eb regjistruar mesdit\u00ebn e 7 gushtit n\u00eb aksin \u201cPogradec-Qaf\u00eb Than\u00eb\u201d, ku pes\u00eb persona kan\u00eb mbetur t\u00eb plagosur.<\/p>\n<p>Sipas nj\u00eb njoftimi zyrtar policor, rreth or\u00ebs 12:00, n\u00eb aksin \u201cPogradec-Qaf\u00eb Than\u00eb\u201d, automjeti tip \u201cVolkswagen\u201d me drejtues shtetasin I. R. \u00ebsht\u00eb p\u00ebrplasur me automjetin tip \u201cBenz\u201d me drejtues shtetasin P. G.<\/p>\n<p>Nga aksidenti jan\u00eb d\u00ebmtuar 2 drejtuesit e automjeteve dhe 3 pasagjer\u00eb n\u00eb automjetin tip \u201cVolkswagen\u201d, t\u00eb cil\u00ebt po marrin mjekim n\u00eb spital.<\/p>\n<p>Grupi hetimor po punon p\u00ebr sqarimin e rrethanave dhe p\u00ebrcaktimin e shkakut t\u00eb aksidentit.<\/p>\n<p>\t\t<i><\/i><ins data-dcm-landing-page-escapes=\"0\" data-dcm-click-tracker=\"https:\/\/track.adform.net\/C\/?bn=73199340;adfibeg=0;cdata=wY0ZHC8ypbQniOq3Sj8hschgQeJ3VY4zU1bO9ulaUP_iCMviXuI_n4RPYRHBxkqVPVtGasWBO2DsQ97SqeB3vafpodL8HlhSS5QNXFy9YSXxjmdMEY9WqD7eKsUQLet9dO-UMsCLM2opnkTpCdy6-w2;;CREFURL=https%3a%2f%2feuro-pixel.com%2ftest.php;C=1;cpdir=\" class=\"dcmads\" data-dcm-placement=\"N571601.4773204ALBANIANPOST.COM\/B32392692.399829096\" data-dcm-rendering-mode=\"iframe\" data-dcm-https-only=\"\" data-dcm-api-frameworks=\"[APIFRAMEWORKS]\" data-dcm-omid-partner=\"[OMIDPARTNER]\" data-dcm-gdpr-applies=\"gdpr=\" data-dcm-gdpr-consent=\"gdpr_consent=\" data-dcm-addtl-consent=\"addtl_consent=${ADDTL_CONSENT}\" data-dcm-ltd=\"false\" data-dcm-resettable-device-id=\"\" data-dcm-app-id=\"\" data-dcm-processed=\"y\"><\/p>\n<p>\t\t<\/ins><\/p>\n<p>The post <a rel=\"nofollow\" href=\"https:\/\/albanianpost.com\/aksident-me-5-te-plagosur-ne-pogradec\/\">Aksident me 5 t\u00eb plagosur n\u00eb Pogradec<\/a> appeared first on <a rel=\"nofollow\" href=\"https:\/\/albanianpost.com\/\">Albanian Post<\/a>.<\/p>\n","protected":false},"excerpt":{"rendered":"<p>Nj\u00eb aksident i r\u00ebnd\u00eb \u00ebsht\u00eb regjistruar mesdit\u00ebn e 7 gushtit n\u00eb aksin \u201cPogradec-Qaf\u00eb Than\u00eb\u201d, ku pes\u00eb persona kan\u00eb mbetur t\u00eb plagosur. Sipas nj\u00eb njoftimi zyrtar policor, rreth or\u00ebs 12:00, n\u00eb aksin \u201cPogradec-Qaf\u00eb Than\u00eb\u201d, automjeti tip \u201cVolkswagen\u201d me drejtues shtetasin I. R. \u00ebsht\u00eb p\u00ebrplasur me automjetin tip \u201cBenz\u201d me drejtues shtetasin P. G. Nga aksidenti jan\u00eb [&hellip;]<\/p>\n","protected":false},"author":1,"featured_media":7547,"comment_status":"open","ping_status":"open","sticky":false,"template":"","format":"standard","meta":{"footnotes":""},"categories":[1],"tags":[],"class_list":["post-7546","post","type-post","status-publish","format-standard","has-post-thumbnail","hentry","category-uncategorized"],"_links":{"self":[{"href":"https:\/\/radiogjilani.com\/index.php\/wp-json\/wp\/v2\/posts\/7546","targetHints":{"allow":["GET"]}}],"collection":[{"href":"https:\/\/radiogjilani.com\/index.php\/wp-json\/wp\/v2\/posts"}],"about":[{"href":"https:\/\/radiogjilani.com\/index.php\/wp-json\/wp\/v2\/types\/post"}],"author":[{"embeddable":true,"href":"https:\/\/radiogjilani.com\/index.php\/wp-json\/wp\/v2\/users\/1"}],"replies":[{"embeddable":true,"href":"https:\/\/radiogjilani.com\/index.php\/wp-json\/wp\/v2\/comments?post=7546"}],"version-history":[{"count":0,"href":"https:\/\/radiogjilani.com\/index.php\/wp-json\/wp\/v2\/posts\/7546\/revisions"}],"wp:featuredmedia":[{"embeddable":true,"href":"https:\/\/radiogjilani.com\/index.php\/wp-json\/wp\/v2\/media\/7547"}],"wp:attachment":[{"href":"https:\/\/radiogjilani.com\/index.php\/wp-json\/wp\/v2\/media?parent=7546"}],"wp:term":[{"taxonomy":"category","embeddable":true,"href":"https:\/\/radiogjilani.com\/index.php\/wp-json\/wp\/v2\/categories?post=7546"},{"taxonomy":"post_tag","embeddable":true,"href":"https:\/\/radiogjilani.com\/index.php\/wp-json\/wp\/v2\/tags?post=7546"}],"curies":[{"name":"wp","href":"https:\/\/api.w.org\/{rel}","templated":true}]}}