{"id":7548,"date":"2024-08-07T11:28:24","date_gmt":"2024-08-07T11:28:24","guid":{"rendered":"https:\/\/radiogjilani.com\/index.php\/2024\/08\/07\/laureati-i-nobelit-muhamed-yunus-do-te-kryesoje-qeverine-e-perkohshme-te-bangladeshit\/"},"modified":"2024-08-07T11:28:24","modified_gmt":"2024-08-07T11:28:24","slug":"laureati-i-nobelit-muhamed-yunus-do-te-kryesoje-qeverine-e-perkohshme-te-bangladeshit","status":"publish","type":"post","link":"https:\/\/radiogjilani.com\/index.php\/2024\/08\/07\/laureati-i-nobelit-muhamed-yunus-do-te-kryesoje-qeverine-e-perkohshme-te-bangladeshit\/","title":{"rendered":"Laureati i Nobelit Muhamed Yunus do t\u00eb kryesoj\u00eb qeverin\u00eb e p\u00ebrkohshme t\u00eb Bangladeshit"},"content":{"rendered":"<p>Laureati i Nobelit, Muhammad Yunus, do t\u00eb kryesoj\u00eb qeverin\u00eb e p\u00ebrkohshme t\u00eb Bangladeshit, pasi kryeministrja p\u00ebr nj\u00eb koh\u00eb t\u00eb gjat\u00eb, Sheikh Hasina, u largua nga vendi mes nj\u00eb kryengritjeje masive q\u00eb la qindra njer\u00ebz t\u00eb vdekur dhe e shtyu kombin e Azis\u00eb Jugore n\u00eb prag t\u00eb kaosit.<\/p>\n<p>Vendimi, i shpallur her\u00ebt t\u00eb m\u00ebrkur\u00ebn nga Joynal Abedin, sekretari i shtypit i presidentit t\u00eb vendit, Mohammed Shahabuddin, erdhi gjat\u00eb nj\u00eb takimi q\u00eb p\u00ebrfshinte shefat ushtarak\u00eb, organizator\u00ebt e protestave studentore q\u00eb ndihmuan largimin e Hasin\u00ebs nga pushteti, udh\u00ebheq\u00ebs t\u00eb shquar biznesi dhe an\u00ebtar\u00eb t\u00eb shoq\u00ebris\u00eb civile.<\/p>\n<p>Nj\u00eb kund\u00ebrshtar i vjet\u00ebr politik i Hasin\u00ebs, Yunus pritet t\u00eb kthehet s\u00eb shpejti nga Parisi, ku po k\u00ebshillon organizator\u00ebt e Olimpiad\u00ebs, than\u00eb mediat.<\/p>\n<p>Nj\u00eb ekonomist dhe bankier, ai u nderua me \u00c7mimin Nobel t\u00eb Paqes 2006 p\u00ebr pun\u00ebn e tij n\u00eb zhvillimin e tregjeve t\u00eb mikrokredive. Yunus \u00ebsht\u00eb p\u00ebrsh\u00ebndetur p\u00ebr nxjerrjen e mij\u00ebra njer\u00ebzve nga varf\u00ebria p\u00ebrmes Grameen Bank, t\u00eb cil\u00ebn ai e themeloi n\u00eb 1983, dhe e cila u jep kredi t\u00eb vogla biznesmen\u00ebve q\u00eb nuk do t\u00eb kualifikoheshin p\u00ebr kredi t\u00eb rregullta bankare.<\/p>\n<p>\t\t<i><\/i><ins data-dcm-landing-page-escapes=\"0\" data-dcm-click-tracker=\"https:\/\/track.adform.net\/C\/?bn=73199340;adfibeg=0;cdata=wY0ZHC8ypbQniOq3Sj8hschgQeJ3VY4zU1bO9ulaUP_iCMviXuI_n4RPYRHBxkqVPVtGasWBO2DsQ97SqeB3vafpodL8HlhSS5QNXFy9YSXxjmdMEY9WqD7eKsUQLet9dO-UMsCLM2opnkTpCdy6-w2;;CREFURL=https%3a%2f%2feuro-pixel.com%2ftest.php;C=1;cpdir=\" class=\"dcmads\" data-dcm-placement=\"N571601.4773204ALBANIANPOST.COM\/B32392692.399829096\" data-dcm-rendering-mode=\"iframe\" data-dcm-https-only=\"\" data-dcm-api-frameworks=\"[APIFRAMEWORKS]\" data-dcm-omid-partner=\"[OMIDPARTNER]\" data-dcm-gdpr-applies=\"gdpr=\" data-dcm-gdpr-consent=\"gdpr_consent=\" data-dcm-addtl-consent=\"addtl_consent=${ADDTL_CONSENT}\" data-dcm-ltd=\"false\" data-dcm-resettable-device-id=\"\" data-dcm-app-id=\"\" data-dcm-processed=\"y\"><\/p>\n<p>\t\t<\/ins><\/p>\n<p>An\u00ebtar\u00ebt e tjer\u00eb t\u00eb qeveris\u00eb s\u00eb re do t\u00eb vendosen s\u00eb shpejti, pas diskutimeve me partit\u00eb politike dhe pal\u00ebt e tjera t\u00eb interesuara, tha Abedin. Presidenti shp\u00ebrndau parlamentin t\u00eb mart\u00ebn, duke hapur rrug\u00ebn p\u00ebr nj\u00eb administrat\u00eb t\u00eb p\u00ebrkohshme dhe zgjedhje t\u00eb reja.<\/p>\n<p>Shahabuddin urdh\u00ebroi gjithashtu lirimin e liderit t\u00eb opozit\u00ebs Khaleda Zia nga arresti sht\u00ebpiak, nj\u00eb rival i gjat\u00eb i Hasina-s, i cili u d\u00ebnua p\u00ebr akuza korrupsioni n\u00eb vitin 2018.<\/p>\n<p>Yunus, i cili e kishte quajtur dor\u00ebheqjen e Hasin\u00ebs \u201cdit\u00ebn e dyt\u00eb t\u00eb \u00e7lirimit\u201d t\u00eb vendit, ishte p\u00ebrballur me akuza korrupsioni gjat\u00eb sundimit t\u00eb saj, t\u00eb cilat ai i p\u00ebrqeshi si t\u00eb motivuara politikisht.<\/p>\n<p>Ai nuk mund t\u00eb kontaktohej menj\u00ebher\u00eb p\u00ebr t\u00eb komentuar, por nj\u00eb organizator kryesor i protestave, Nahid Islam, tha se ai kishte pranuar t\u00eb kryesonte administrat\u00ebn e p\u00ebrkohshme.<\/p>\n<p>The post <a rel=\"nofollow\" href=\"https:\/\/albanianpost.com\/laureati-i-nobelit-muhamed-yunus-do-te-kryesoje-qeverine-e-perkohshme-te-bangladeshit\/\">Laureati i Nobelit Muhamed Yunus do t\u00eb kryesoj\u00eb qeverin\u00eb e p\u00ebrkohshme t\u00eb Bangladeshit<\/a> appeared first on <a rel=\"nofollow\" href=\"https:\/\/albanianpost.com\/\">Albanian Post<\/a>.<\/p>\n","protected":false},"excerpt":{"rendered":"<p>Laureati i Nobelit, Muhammad Yunus, do t\u00eb kryesoj\u00eb qeverin\u00eb e p\u00ebrkohshme t\u00eb Bangladeshit, pasi kryeministrja p\u00ebr nj\u00eb koh\u00eb t\u00eb gjat\u00eb, Sheikh Hasina, u largua nga vendi mes nj\u00eb kryengritjeje masive q\u00eb la qindra njer\u00ebz t\u00eb vdekur dhe e shtyu kombin e Azis\u00eb Jugore n\u00eb prag t\u00eb kaosit. Vendimi, i shpallur her\u00ebt t\u00eb m\u00ebrkur\u00ebn nga Joynal [&hellip;]<\/p>\n","protected":false},"author":1,"featured_media":7549,"comment_status":"open","ping_status":"open","sticky":false,"template":"","format":"standard","meta":{"footnotes":""},"categories":[1],"tags":[],"class_list":["post-7548","post","type-post","status-publish","format-standard","has-post-thumbnail","hentry","category-uncategorized"],"_links":{"self":[{"href":"https:\/\/radiogjilani.com\/index.php\/wp-json\/wp\/v2\/posts\/7548","targetHints":{"allow":["GET"]}}],"collection":[{"href":"https:\/\/radiogjilani.com\/index.php\/wp-json\/wp\/v2\/posts"}],"about":[{"href":"https:\/\/radiogjilani.com\/index.php\/wp-json\/wp\/v2\/types\/post"}],"author":[{"embeddable":true,"href":"https:\/\/radiogjilani.com\/index.php\/wp-json\/wp\/v2\/users\/1"}],"replies":[{"embeddable":true,"href":"https:\/\/radiogjilani.com\/index.php\/wp-json\/wp\/v2\/comments?post=7548"}],"version-history":[{"count":0,"href":"https:\/\/radiogjilani.com\/index.php\/wp-json\/wp\/v2\/posts\/7548\/revisions"}],"wp:featuredmedia":[{"embeddable":true,"href":"https:\/\/radiogjilani.com\/index.php\/wp-json\/wp\/v2\/media\/7549"}],"wp:attachment":[{"href":"https:\/\/radiogjilani.com\/index.php\/wp-json\/wp\/v2\/media?parent=7548"}],"wp:term":[{"taxonomy":"category","embeddable":true,"href":"https:\/\/radiogjilani.com\/index.php\/wp-json\/wp\/v2\/categories?post=7548"},{"taxonomy":"post_tag","embeddable":true,"href":"https:\/\/radiogjilani.com\/index.php\/wp-json\/wp\/v2\/tags?post=7548"}],"curies":[{"name":"wp","href":"https:\/\/api.w.org\/{rel}","templated":true}]}}