{"id":7552,"date":"2024-08-07T11:28:22","date_gmt":"2024-08-07T11:28:22","guid":{"rendered":"https:\/\/radiogjilani.com\/index.php\/2024\/08\/07\/bajrami-kurtit-frazat-para-mergates-tregojne-per-deshtimet-e-tua\/"},"modified":"2024-08-07T11:28:22","modified_gmt":"2024-08-07T11:28:22","slug":"bajrami-kurtit-frazat-para-mergates-tregojne-per-deshtimet-e-tua","status":"publish","type":"post","link":"https:\/\/radiogjilani.com\/index.php\/2024\/08\/07\/bajrami-kurtit-frazat-para-mergates-tregojne-per-deshtimet-e-tua\/","title":{"rendered":"Bajrami, Kurtit: Frazat para m\u00ebrgat\u00ebs tregojn\u00eb p\u00ebr d\u00ebshtimet e tua"},"content":{"rendered":"<p>N\u00eb nj\u00eb shkrim t\u00eb gjat\u00eb, deputetja e Lidhjes Demokratike t\u00eb Kosov\u00ebs (LDK), Hykmete Bajrami, e ka kritikuar kryeministrin <a href=\"https:\/\/albanianpost.com\/taksat-perfundonin-ne-xhepat-e-pushtetareve-kurti-akuzon-qeverite-e-kaluara-harron-raportet-per-korrupsion-serioz-qeveritar-gjate-qeverisjes-se-tij\/\">Albin Kurti<\/a>, p\u00ebr fjalimin q\u00eb ka pasur para bashkatdhetar\u00ebve n\u00eb Prishtin\u00eb ku kishte adresuar kritika ndaj qeverive t\u00eb kaluara, duke i cil\u00ebsuar si \u201ct\u00eb korruptuara\u201d edhe pse raportet nd\u00ebrkomb\u00ebtare ekspozuan \u201ckorrupsionin serioz qeveritar\u201d edhe gjat\u00eb qeverisjes s\u00eb tij.<\/p>\n<p>Ajo ka th\u00ebn\u00eb se \u201cdim\u00ebr n\u00eb ver\u00eb\u201d, \u201cqerrja para kalit\u201d, \u201ckafeja pa filxhan\u201d, \u00ebsht\u00eb gjuha e d\u00ebshtimit t\u00eb kryeministrit Kurti.<\/p>\n<p>Bajrami, p\u00ebrmes shkrimit t\u00eb saj n\u00eb rrjetin social <a href=\"https:\/\/www.facebook.com\/hykmete.bajrami\/posts\/pfbid02Whs9HtVXezKHovt4xVjWGzPuqD8ijbFCtpcdehRX4kJeXQwYPRa9uG45RfbuF8m8l\">\u2018Facebook\u2019<\/a> ka th\u00ebn\u00eb se n\u00ebse do t\u00eb kishte di\u00e7ka q\u00eb \u00ebsht\u00eb kryer konkretisht nga kjo qeveri kryeministri do ta prezantonte para m\u00ebrgat\u00ebs.<\/p>\n<p>P\u00ebr k\u00ebt\u00eb arsye fjalimi i tij sipas saj s\u2019pati asgj\u00eb konkrete q\u00eb \u00ebsht\u00eb b\u00ebr\u00eb gjat\u00eb qeverisjes s\u00eb tij.<\/p>\n<p>\t\t<i><\/i><ins data-dcm-landing-page-escapes=\"0\" data-dcm-click-tracker=\"https:\/\/track.adform.net\/C\/?bn=73199340;adfibeg=0;cdata=wY0ZHC8ypbQniOq3Sj8hschgQeJ3VY4zU1bO9ulaUP_iCMviXuI_n4RPYRHBxkqVPVtGasWBO2DsQ97SqeB3vafpodL8HlhSS5QNXFy9YSXxjmdMEY9WqD7eKsUQLet9dO-UMsCLM2opnkTpCdy6-w2;;CREFURL=https%3a%2f%2feuro-pixel.com%2ftest.php;C=1;cpdir=\" class=\"dcmads\" data-dcm-placement=\"N571601.4773204ALBANIANPOST.COM\/B32392692.399829096\" data-dcm-rendering-mode=\"iframe\" data-dcm-https-only=\"\" data-dcm-api-frameworks=\"[APIFRAMEWORKS]\" data-dcm-omid-partner=\"[OMIDPARTNER]\" data-dcm-gdpr-applies=\"gdpr=\" data-dcm-gdpr-consent=\"gdpr_consent=\" data-dcm-addtl-consent=\"addtl_consent=${ADDTL_CONSENT}\" data-dcm-ltd=\"false\" data-dcm-resettable-device-id=\"\" data-dcm-app-id=\"\" data-dcm-processed=\"y\"><\/p>\n<p>\t\t<\/ins><\/p>\n<p>\u201cA nuk do duhej q\u00eb Kryeministri i 51% t\u00eb votave, ai i menaxhimit t\u00eb 11 miliard\u00eb eurove buxhet, i qeverisjes nj\u00ebpartiake pa pasur nevoj\u00eb q\u00eb buxhetin ta ndaj\u00eb politikisht sipas resor\u00ebve t\u00eb partive n\u00eb koalicion t\u00eb fliste sot me terma konkrete, t\u00eb fliste p\u00ebr projekte t\u00eb m\u00ebdha infrastrukturore, p\u00ebr reforma n\u00eb arsim, p\u00ebr reforma n\u00eb drejt\u00ebsi, p\u00ebr burgosje t\u00eb korruptuarave t\u00eb t\u00eb gjitha qeverive, t\u00eb na fliste p\u00ebr njohjet e reja, an\u00ebtar\u00ebsimet n\u00eb organizata nd\u00ebrkomb\u00ebtare p\u00ebr suksesin n\u00eb K\u00ebshillin e Evrop\u00ebs, p\u00ebr n\u00ebnshkrimin e Partneritetit p\u00ebr Paqe me NATO-n e t\u00eb tjera si k\u00ebto?\u201d.<\/p>\n<p>Bajrami, Kurtin e ka quajtur \u201cpopulist ekstrem\u201d.<\/p>\n<p>\u201cSecilin vendim e bazon n\u00eb sondazhe, jo sa do t\u00eb p\u00ebrfitoj vendi, jo sa do t\u00eb p\u00ebrfitojn\u00eb qytetar\u00ebt, por \u00e7far\u00eb ndikimi do t\u00eb ket\u00eb vendimi i tij n\u00eb vota. Vota k\u00ebto q\u00eb me shumic\u00eb vijn\u00eb nga ata t\u00eb cil\u00ebt fare pak prek\u00ebn nga vendimet e Albin Kurtit. Andaj, Albin Kurti p\u00ebrdor\u00eb fraza si \u201cdim\u00ebr n\u00eb ver\u00eb\u201d, \u201cqerrja para kalit\u201d, \u201ckafeja pa filxhan\u201d. Fraza t\u00eb tilla boshe Albin Kurti p\u00ebrdori para dy dite kur takoj m\u00ebrgat\u00ebn, ai nd\u00ebr t\u00eb tjera u tha: \u201cGjendja ka qen\u00eb e r\u00ebnd\u00eb, dikur edhe vera ka qen\u00eb dim\u00ebr\u201d.<\/p>\n<\/p>\n<p>\u201cDhe un\u00eb e pyes Albin Kurtin: Kur ka qen\u00eb vera dim\u00ebr z. Kryeminist\u00ebr?\u201d.<\/p>\n<p>Duke krahasuar qeverisjen e ish kryeministrit Avdullah Hoti, Bajrami potencoi se tani Kurti s\u2019po mund ta takoj\u00eb ask\u00ebnd n\u00eb Shtetet e Bashkuara t\u00eb Amerik\u00ebs (SHBA).<\/p>\n<p>\u201cAt\u00ebher\u00eb kur Kryeministri i Kosov\u00ebs i kishte dyert e hapura n\u00eb Shtepin\u00eb e Bardh\u00eb e n\u00ebnshkruate marr\u00ebveshje, apo tani koh\u00ebn kur ju si Kryeminist\u00ebr n\u00eb SHBA s\u2019mund takoni ask\u00ebnd tjet\u00ebr pos menaxhmetin e UBER-it?\u201d.<\/p>\n<p>\u201cA ka qen\u00eb vera dim\u00ebr kur Kosova n\u00ebnshkruante marr\u00ebveshjen e Stabilizim Asocimit apo n\u00ebn qeverisjen tuaj q\u00eb Kosova \u00ebsht\u00eb q\u00eb 14 muaj n\u00ebn sanksionet t\u00eb BE-s\u00eb? Si na paska qen\u00eb vera m\u00eb her\u00ebt e si qenka tani kur q\u00eb tri vite e gjysm\u00eb asnj\u00eb njohje, asnj\u00eb an\u00ebtar\u00ebsim, asnj\u00eb projekt, asnj\u00eb investim, asnj\u00eb premtim i realizuar \u2013 ve\u00e7 patriotiz\u00ebm fallc nga ju dezertor\u00ebt e dikursh\u00ebm\u201d.<\/p>\n<p>Bajrami edhe p\u00ebr deklarat\u00ebn e tij ku thot\u00eb se \u201ctaksat q\u00eb derdheshin te thesari i shtetit nga djersa e qytetar\u00ebve, p\u00ebrfundonin n\u00eb xhepat e pushtetar\u00ebve\u201d, ka p\u00ebrmendur deklarat\u00ebn e tij t\u00eb dikurshme i cili thoshte se nuk do t\u00eb p\u00ebrdor xhipat.<\/p>\n<p>\u201cK\u00ebtu ndoshta duhet t\u00eb kemi edhe pak mir\u00ebkuptim sepse krejt varet prej cil\u00ebs perspektive e sheh Albin Kurti ver\u00ebn dhe dimrin: si puna e xhipave t\u00eb zi, derisa ishte n\u00eb opozit\u00eb \u00e7far\u00eb nuk thoshte p\u00ebr qeveritar\u00ebt me xhipat e zi, q\u00eb 3 vjet e gjysm\u00eb po thot\u00eb kjo thjesht\u00eb \u00ebsht\u00eb protokollare\u201d.<\/p>\n<p>P\u00ebrve\u00e7 k\u00ebtyre ajo ka k\u00ebrkuar nga Kurti ta dij\u00eb se \u00e7far\u00eb ka b\u00ebr\u00eb p\u00ebr ta luftuar korrupsionin.<\/p>\n<p>M\u00ebrgimtar\u00ebt e din\u00eb mir\u00eb se Kurti ka ardhur n\u00eb pushtet duke premtuar q\u00eb do ta b\u00ebj\u00eb Dubrav\u00ebn 12 kate. Q\u00eb do t\u2019i nd\u00ebshkoj t\u00eb korruptuarit, por deri sot s\u2019ka asnj\u00eb rezultat. P\u00ebrkundrazi, Kurti merr n\u00eb mbrojtje secilin t\u00eb korruptuar, ka vet\u00ebm nj\u00eb kriter q\u00eb ai t\u00eb jet\u00eb i L\u00ebvizjes Vet\u00ebvendosje\u201d.<\/p>\n<p>Sipas raportit t\u00eb Departamentit Amerikan t\u00eb Shtetit t\u00eb publikuar me 22 prill, aktualisht n\u00eb Kosov\u00eb ka \u201ckorrupsion serioz qeveritar\u201d.<\/p>\n<p>Gjithashtu, raporti i organizat\u00ebs prestigjioze \u201cFreedom House\u201d potencoi se korrupsioni n\u00eb Kosov\u00eb vazhdon t\u00eb mbetet \u201c\u00e7\u00ebshtje serioze\u201d dhe \u201cshum\u00eb shqet\u00ebsuese\u201d.<\/p>\n<p>P\u00ebrderisa raporti i\u00a0<a href=\"https:\/\/albanianpost.com\/korrupsion-serioz-qeveritar-dhune-dhe-kercenime-per-gazetare-kufizime-serioze-ne-lirine-e-shprehjes-raporti-i-dash-it-shume-i-rende-per-kosoven\/\">DASH-it<\/a>\u00a0\u201923 p\u00ebrmendi korrupsionin qeveritar, organizata \u201cFreedom House\u201d vler\u00ebsoi se Kosova vazhdon t\u00eb jet\u00eb pjes\u00ebrisht e lir\u00eb dhe s\u2019ka sh\u00ebnuar kurrfar\u00eb progresi, posa\u00e7\u00ebrisht n\u00eb \u00e7rr\u00ebnjosjen e korrupsionit q\u00eb qeveria aktuale e premtoi.<\/p>\n<p>Po ashtu, m\u00eb her\u00ebt u raportua se Task-forca antikorrupsion n\u00eb Policin\u00eb e Kosov\u00ebs, aktualisht \u00ebsht\u00eb duke hetuar s\u00eb paku pes\u00eb ministra dhe nj\u00eb z\u00ebvend\u00ebsminist\u00ebr t\u00eb k\u00ebsaj Qeverie.<\/p>\n<p>Kurse, aktualisht n\u00ebn hetime ose n\u00eb procedura gjyq\u00ebsore jan\u00eb dy ministra t\u00eb k\u00ebsaj qeverisje.<\/p>\n<p>Ministrja e Pun\u00ebve t\u00eb Jashtme dhe Diaspor\u00ebs, Donika G\u00ebrvalla, \u00ebsht\u00eb n\u00ebn hetime akuza p\u00ebr mosdeklarim t\u00eb pasuris\u00eb, nd\u00ebrsa ministrja e Industris\u00eb, Nd\u00ebrmarr\u00ebsis\u00eb dhe Tregtis\u00eb, Rozeta Hajdari, u d\u00ebnua me gjob\u00eb prej 700 eurosh nga Gjykata Themelore n\u00eb Prishtin\u00eb p\u00ebr shkak t\u00eb mosdeklarimit t\u00eb pasuris\u00eb.<\/p>\n<p>Hajdari, po ashtu \u00ebsht\u00eb n\u00ebn hetime p\u00ebr keqp\u00ebrdorim t\u00eb detyr\u00ebs n\u00eb lidhje me rezervat shtet\u00ebrore.<\/p>\n<p>N\u00eb gusht t\u00eb 2023-s\u00eb edhe z\u00ebvend\u00ebsministrja e Pun\u00ebve t\u00eb Jashtme dhe Diaspor\u00ebs, Liza Gashi ishte d\u00ebnuar me 500 euro gjob\u00eb pasi \u00ebsht\u00eb shpallur fajtore se ka deklaruar me vones\u00eb pasurin\u00eb.<\/p>\n<p>Nga Agjencia p\u00ebr Parandalimin e Korrupsionit kishin deklaruar se numri i zyrtar\u00ebve publik\u00eb, q\u00eb s\u2019e kan\u00eb respektuar obligimin e deklarimit t\u00eb pasuris\u00eb, \u00ebsht\u00eb rritur n\u00eb vitin 2024 krahasuar me vitin 2021.<\/p>\n<p>P\u00ebrve\u00e7 ministrave, edhe ambasadori i Kosov\u00ebs n\u00eb Kroaci, Martin Berishaj, i cili aktualisht \u00ebsht\u00eb subjekt i hetimit t\u00eb Prokuroris\u00eb s\u00eb Kosov\u00ebs p\u00ebr shmangie tatimi dhe shp\u00eblarje t\u00eb parave.<\/p>\n<blockquote class=\"wp-embedded-content\" data-secret=\"pnI8PaFyi0\">\n<p><a href=\"https:\/\/albanianpost.com\/taksat-perfundonin-ne-xhepat-e-pushtetareve-kurti-akuzon-qeverite-e-kaluara-harron-raportet-per-korrupsion-serioz-qeveritar-gjate-qeverisjes-se-tij\/\">\u201cTaksat p\u00ebrfundonin n\u00eb xhepat e pushtetar\u00ebve\u201d: Kurti akuzon qeverit\u00eb e kaluara, harron raportet p\u00ebr \u201ckorrupsion serioz qeveritar\u201d gjat\u00eb qeverisjes s\u00eb tij<\/a><\/p>\n<\/blockquote>\n<p>The post <a rel=\"nofollow\" href=\"https:\/\/albanianpost.com\/bajrami-kurtit-frazat-para-mergates-tregojne-per-deshtimet-e-tua\/\">Bajrami, Kurtit: Frazat para m\u00ebrgat\u00ebs tregojn\u00eb p\u00ebr d\u00ebshtimet e tua<\/a> appeared first on <a rel=\"nofollow\" href=\"https:\/\/albanianpost.com\/\">Albanian Post<\/a>.<\/p>\n","protected":false},"excerpt":{"rendered":"<p>N\u00eb nj\u00eb shkrim t\u00eb gjat\u00eb, deputetja e Lidhjes Demokratike t\u00eb Kosov\u00ebs (LDK), Hykmete Bajrami, e ka kritikuar kryeministrin Albin Kurti, p\u00ebr fjalimin q\u00eb ka pasur para bashkatdhetar\u00ebve n\u00eb Prishtin\u00eb ku kishte adresuar kritika ndaj qeverive t\u00eb kaluara, duke i cil\u00ebsuar si \u201ct\u00eb korruptuara\u201d edhe pse raportet nd\u00ebrkomb\u00ebtare ekspozuan \u201ckorrupsionin serioz qeveritar\u201d edhe gjat\u00eb qeverisjes s\u00eb [&hellip;]<\/p>\n","protected":false},"author":1,"featured_media":7553,"comment_status":"open","ping_status":"open","sticky":false,"template":"","format":"standard","meta":{"footnotes":""},"categories":[1],"tags":[],"class_list":["post-7552","post","type-post","status-publish","format-standard","has-post-thumbnail","hentry","category-uncategorized"],"_links":{"self":[{"href":"https:\/\/radiogjilani.com\/index.php\/wp-json\/wp\/v2\/posts\/7552","targetHints":{"allow":["GET"]}}],"collection":[{"href":"https:\/\/radiogjilani.com\/index.php\/wp-json\/wp\/v2\/posts"}],"about":[{"href":"https:\/\/radiogjilani.com\/index.php\/wp-json\/wp\/v2\/types\/post"}],"author":[{"embeddable":true,"href":"https:\/\/radiogjilani.com\/index.php\/wp-json\/wp\/v2\/users\/1"}],"replies":[{"embeddable":true,"href":"https:\/\/radiogjilani.com\/index.php\/wp-json\/wp\/v2\/comments?post=7552"}],"version-history":[{"count":0,"href":"https:\/\/radiogjilani.com\/index.php\/wp-json\/wp\/v2\/posts\/7552\/revisions"}],"wp:featuredmedia":[{"embeddable":true,"href":"https:\/\/radiogjilani.com\/index.php\/wp-json\/wp\/v2\/media\/7553"}],"wp:attachment":[{"href":"https:\/\/radiogjilani.com\/index.php\/wp-json\/wp\/v2\/media?parent=7552"}],"wp:term":[{"taxonomy":"category","embeddable":true,"href":"https:\/\/radiogjilani.com\/index.php\/wp-json\/wp\/v2\/categories?post=7552"},{"taxonomy":"post_tag","embeddable":true,"href":"https:\/\/radiogjilani.com\/index.php\/wp-json\/wp\/v2\/tags?post=7552"}],"curies":[{"name":"wp","href":"https:\/\/api.w.org\/{rel}","templated":true}]}}