{"id":7620,"date":"2024-08-09T12:26:36","date_gmt":"2024-08-09T12:26:36","guid":{"rendered":"https:\/\/radiogjilani.com\/index.php\/2024\/08\/09\/ne-gracanice-protestohet-kunder-femicidit-dhe-dhunes-ndaj-grave\/"},"modified":"2024-08-09T12:26:36","modified_gmt":"2024-08-09T12:26:36","slug":"ne-gracanice-protestohet-kunder-femicidit-dhe-dhunes-ndaj-grave","status":"publish","type":"post","link":"https:\/\/radiogjilani.com\/index.php\/2024\/08\/09\/ne-gracanice-protestohet-kunder-femicidit-dhe-dhunes-ndaj-grave\/","title":{"rendered":"N\u00eb Gra\u00e7anic\u00eb protestohet kund\u00ebr femicidit dhe dhun\u00ebs ndaj grave"},"content":{"rendered":"<p>Para stacionit policor n\u00eb Gra\u00e7anic\u00eb, af\u00ebr Prishtin\u00ebs, m\u00eb 9 gusht u organizua nj\u00eb protest\u00eb kund\u00ebr dhun\u00ebs n\u00eb familje, ku pjes\u00ebmarr\u00ebsit than\u00eb se dhuna nuk \u00ebsht\u00eb \u00e7\u00ebshtje private dhe se shoq\u00ebria dhe institucionet duhet t\u00eb b\u00ebjn\u00eb m\u00eb shum\u00eb n\u00eb k\u00ebt\u00eb \u00e7\u00ebshtje. Organizatorja e protest\u00ebs, aktivistja dhe p\u00ebrfaq\u00ebsuesja e organizat\u00ebs joqeveritare \u201cPravo na pravo\u201d, Millica Stojanoviq-Kostiq&#8230;<\/p>\n<p><a href=\"https:\/\/ekonomiaonline.com\/ne-gracanice-protestohet-kunder-femicidit-dhe-dhunes-ndaj-grave\/\" rel=\"nofollow\">Source<\/a><\/p>\n","protected":false},"excerpt":{"rendered":"<p>Para stacionit policor n\u00eb Gra\u00e7anic\u00eb, af\u00ebr Prishtin\u00ebs, m\u00eb 9 gusht u organizua nj\u00eb protest\u00eb kund\u00ebr dhun\u00ebs n\u00eb familje, ku pjes\u00ebmarr\u00ebsit than\u00eb se dhuna nuk \u00ebsht\u00eb \u00e7\u00ebshtje private dhe se shoq\u00ebria dhe institucionet duhet t\u00eb b\u00ebjn\u00eb m\u00eb shum\u00eb n\u00eb k\u00ebt\u00eb \u00e7\u00ebshtje. Organizatorja e protest\u00ebs, aktivistja dhe p\u00ebrfaq\u00ebsuesja e organizat\u00ebs joqeveritare \u201cPravo na pravo\u201d, Millica Stojanoviq-Kostiq&#8230; Source<\/p>\n","protected":false},"author":1,"featured_media":7621,"comment_status":"open","ping_status":"open","sticky":false,"template":"","format":"standard","meta":{"footnotes":""},"categories":[19],"tags":[],"class_list":["post-7620","post","type-post","status-publish","format-standard","has-post-thumbnail","hentry","category-eko"],"_links":{"self":[{"href":"https:\/\/radiogjilani.com\/index.php\/wp-json\/wp\/v2\/posts\/7620","targetHints":{"allow":["GET"]}}],"collection":[{"href":"https:\/\/radiogjilani.com\/index.php\/wp-json\/wp\/v2\/posts"}],"about":[{"href":"https:\/\/radiogjilani.com\/index.php\/wp-json\/wp\/v2\/types\/post"}],"author":[{"embeddable":true,"href":"https:\/\/radiogjilani.com\/index.php\/wp-json\/wp\/v2\/users\/1"}],"replies":[{"embeddable":true,"href":"https:\/\/radiogjilani.com\/index.php\/wp-json\/wp\/v2\/comments?post=7620"}],"version-history":[{"count":0,"href":"https:\/\/radiogjilani.com\/index.php\/wp-json\/wp\/v2\/posts\/7620\/revisions"}],"wp:featuredmedia":[{"embeddable":true,"href":"https:\/\/radiogjilani.com\/index.php\/wp-json\/wp\/v2\/media\/7621"}],"wp:attachment":[{"href":"https:\/\/radiogjilani.com\/index.php\/wp-json\/wp\/v2\/media?parent=7620"}],"wp:term":[{"taxonomy":"category","embeddable":true,"href":"https:\/\/radiogjilani.com\/index.php\/wp-json\/wp\/v2\/categories?post=7620"},{"taxonomy":"post_tag","embeddable":true,"href":"https:\/\/radiogjilani.com\/index.php\/wp-json\/wp\/v2\/tags?post=7620"}],"curies":[{"name":"wp","href":"https:\/\/api.w.org\/{rel}","templated":true}]}}