{"id":7624,"date":"2024-08-09T12:26:34","date_gmt":"2024-08-09T12:26:34","guid":{"rendered":"https:\/\/radiogjilani.com\/index.php\/2024\/08\/09\/mergimtarit-i-behet-vetura-shkrumb-e-hi\/"},"modified":"2024-08-09T12:26:34","modified_gmt":"2024-08-09T12:26:34","slug":"mergimtarit-i-behet-vetura-shkrumb-e-hi","status":"publish","type":"post","link":"https:\/\/radiogjilani.com\/index.php\/2024\/08\/09\/mergimtarit-i-behet-vetura-shkrumb-e-hi\/","title":{"rendered":"M\u00ebrgimtarit i b\u00ebhet vetura shkrumb e hi"},"content":{"rendered":"<p>Pushimet e nj\u00eb m\u00ebrgimtari jan\u00eb \u201cshkat\u00ebrruar\u201d. Kjo pasi q\u00eb vetura me t\u00eb cil\u00ebn ndodhej n\u00eb pushime \u00ebsht\u00eb kapluar nga zjarri e t\u00ebra. Zjarri q\u00eb e ka kapluar papritmas at\u00eb n\u00eb autostrad\u00ebn \u201cIbrahim Rugova\u201d, e ka b\u00ebr\u00eb shkrumb e hi. Ende s\u2019jan\u00eb b\u00ebr\u00eb t\u00eb ditura shkaktar\u00ebt e zjarrit t\u00eb BMW-s\u00eb. Nd\u00ebrsa me t\u00eb ndodhur rasti n\u00eb vendin e ngjarjes jan\u00eb par\u00eb edhe nj\u00ebsit\u00eb emergjente. Personi t\u00eb cilit iu dogj vetura&#8230;<\/p>\n<p><a href=\"https:\/\/ekonomiaonline.com\/mergimtarit-i-behet-vetura-shkrumb-e-hi\/\" rel=\"nofollow\">Source<\/a><\/p>\n","protected":false},"excerpt":{"rendered":"<p>Pushimet e nj\u00eb m\u00ebrgimtari jan\u00eb \u201cshkat\u00ebrruar\u201d. Kjo pasi q\u00eb vetura me t\u00eb cil\u00ebn ndodhej n\u00eb pushime \u00ebsht\u00eb kapluar nga zjarri e t\u00ebra. Zjarri q\u00eb e ka kapluar papritmas at\u00eb n\u00eb autostrad\u00ebn \u201cIbrahim Rugova\u201d, e ka b\u00ebr\u00eb shkrumb e hi. Ende s\u2019jan\u00eb b\u00ebr\u00eb t\u00eb ditura shkaktar\u00ebt e zjarrit t\u00eb BMW-s\u00eb. Nd\u00ebrsa me t\u00eb ndodhur rasti n\u00eb [&hellip;]<\/p>\n","protected":false},"author":1,"featured_media":7625,"comment_status":"open","ping_status":"open","sticky":false,"template":"","format":"standard","meta":{"footnotes":""},"categories":[19],"tags":[],"class_list":["post-7624","post","type-post","status-publish","format-standard","has-post-thumbnail","hentry","category-eko"],"_links":{"self":[{"href":"https:\/\/radiogjilani.com\/index.php\/wp-json\/wp\/v2\/posts\/7624","targetHints":{"allow":["GET"]}}],"collection":[{"href":"https:\/\/radiogjilani.com\/index.php\/wp-json\/wp\/v2\/posts"}],"about":[{"href":"https:\/\/radiogjilani.com\/index.php\/wp-json\/wp\/v2\/types\/post"}],"author":[{"embeddable":true,"href":"https:\/\/radiogjilani.com\/index.php\/wp-json\/wp\/v2\/users\/1"}],"replies":[{"embeddable":true,"href":"https:\/\/radiogjilani.com\/index.php\/wp-json\/wp\/v2\/comments?post=7624"}],"version-history":[{"count":0,"href":"https:\/\/radiogjilani.com\/index.php\/wp-json\/wp\/v2\/posts\/7624\/revisions"}],"wp:featuredmedia":[{"embeddable":true,"href":"https:\/\/radiogjilani.com\/index.php\/wp-json\/wp\/v2\/media\/7625"}],"wp:attachment":[{"href":"https:\/\/radiogjilani.com\/index.php\/wp-json\/wp\/v2\/media?parent=7624"}],"wp:term":[{"taxonomy":"category","embeddable":true,"href":"https:\/\/radiogjilani.com\/index.php\/wp-json\/wp\/v2\/categories?post=7624"},{"taxonomy":"post_tag","embeddable":true,"href":"https:\/\/radiogjilani.com\/index.php\/wp-json\/wp\/v2\/tags?post=7624"}],"curies":[{"name":"wp","href":"https:\/\/api.w.org\/{rel}","templated":true}]}}