{"id":770,"date":"2024-04-06T18:57:32","date_gmt":"2024-04-06T18:57:32","guid":{"rendered":"https:\/\/radiogjilani.com\/index.php\/2024\/04\/06\/dhjetera-mijera-protestojne-ne-hungari-kunder-qeverise-se-viktor-orban\/"},"modified":"2024-04-06T18:57:32","modified_gmt":"2024-04-06T18:57:32","slug":"dhjetera-mijera-protestojne-ne-hungari-kunder-qeverise-se-viktor-orban","status":"publish","type":"post","link":"https:\/\/radiogjilani.com\/index.php\/2024\/04\/06\/dhjetera-mijera-protestojne-ne-hungari-kunder-qeverise-se-viktor-orban\/","title":{"rendered":"Dhjet\u00ebra mij\u00ebra protestojn\u00eb n\u00eb Hungari kund\u00ebr qeveris\u00eb s\u00eb Viktor Orban"},"content":{"rendered":"<p>Dhjet\u00ebra mij\u00ebra njer\u00ebz kan\u00eb dal\u00eb n\u00eb qend\u00ebr t\u00eb Budapestit p\u00ebr t\u00eb protestuar kund\u00ebr qeveris\u00eb s\u00eb Viktor Orban.<\/p>\n<p>Protestuesit marshuan drejt parlamentit n\u00eb motin jasht\u00ebzakonisht t\u00eb ngroht\u00eb t\u00eb pranver\u00ebs, disa prej tyre duke b\u00ebrtitur \u201cNuk kemi frik\u00eb\u201d dhe \u201cOrb\u00e1n, jep dor\u00ebheqjen\u201d.<\/p>\n<p>Shum\u00eb prej tyre mbanin flamurin hungarez ose mbanin veshje n\u00eb ngjyrat e tij t\u00eb kuqe, t\u00eb bardh\u00eb dhe jeshile, simbole q\u00eb partia e Orbanit i ka p\u00ebrdorur si t\u00eb tyret p\u00ebr dy dekadat e fundit.<\/p>\n<p>\u201cK\u00ebto jan\u00eb ngjyrat komb\u00ebtare t\u00eb Hungaris\u00eb, jo t\u00eb qeveris\u00eb\u201d, tha Lejla, 24 vje\u00e7, e cila kishte udh\u00ebtuar n\u00eb Budapest nga Sopron, nj\u00eb qytet n\u00eb kufirin per\u00ebndimor t\u00eb vendit.<\/p>\n<p>Marshimi u drejtua nga P\u00e9ter Magyar, 43 vje\u00e7, i cili m\u00eb par\u00eb ishte i martuar me ish-ministren e drejt\u00ebsis\u00eb t\u00eb Orbanit, Judit Varga dhe q\u00eb planifikon t\u00eb hap\u00eb partin\u00eb e tij.<\/p>\n<p>Tre protestues t\u00eb intervistuar nga Reuters than\u00eb se Magyar u b\u00ebri thirrje atyre sepse ai kishte qen\u00eb pran\u00eb qeveris\u00eb Orb\u00e1n dhe kishte njohuri t\u00eb brendshme se si funksiononte.<\/p>\n<p>\u201cNe e dinim q\u00eb ka korrupsion, por ai e thot\u00eb at\u00eb si nj\u00eb i brendsh\u00ebm dhe e konfirmoi p\u00ebr ne\u201d, tha Zsuzsanna Szigeti, nj\u00eb punonj\u00ebse e kujdesit sh\u00ebndet\u00ebsor 46-vje\u00e7ar me nj\u00eb flamur hungarez.<\/p>\n<p>Ajo tha se ishte e shqet\u00ebsuar p\u00ebr sistemin arsimor dhe t\u00eb kujdesit sh\u00ebndet\u00ebsor dhe e shqet\u00ebsuar p\u00ebr korrupsionin. \u201cUn\u00eb besoj se do t\u00eb ket\u00eb nj\u00eb ndryshim,\u201d tha ajo.<\/p>\n<p>Magyar u b\u00eb i njohur gjer\u00ebsisht n\u00eb shkurt kur b\u00ebri komente nxit\u00ebse p\u00ebr pun\u00ebn e brendshme t\u00eb qeveris\u00eb. Ai akuzoi Antal Rog\u00e1n, ministrin q\u00eb drejton zyr\u00ebn e Orbanit, p\u00ebr drejtimin e nj\u00eb makinerie t\u00eb centralizuar propagande.<\/p>\n<p>Ai publikoi gjithashtu nj\u00eb regjistrim t\u00eb nj\u00eb bisede me ish-gruan e tij, n\u00eb t\u00eb cil\u00ebn Varga detajoi nj\u00eb p\u00ebrpjekje t\u00eb supozuar t\u00eb nj\u00eb ndihm\u00ebsi t\u00eb lart\u00eb t\u00eb shefit t\u00eb kabinetit t\u00eb Orbanit p\u00ebr t\u00eb nd\u00ebrhyr\u00eb n\u00eb nj\u00eb rast korrupsioni. Tashm\u00eb prokuror\u00ebt po hetojn\u00eb deklaratat.<\/p>\n<p>Hetimi vjen n\u00eb nj\u00eb moment politikisht t\u00eb ndjesh\u00ebm p\u00ebr Orbanin p\u00ebrpara zgjedhjeve parlamentare evropiane n\u00eb qershor dhe pas nj\u00eb skandali t\u00eb abuzimit seksual q\u00eb rr\u00ebzoi dy nga aleat\u00ebt e tij kryesor\u00eb politik\u00eb \u2013 ish-presidentin, Katalin Nov\u00e1k dhe Varga \u2013 n\u00eb shkurt.<\/p>\n<p>Sipas t\u00eb dh\u00ebnave t\u00eb anketuesit Median, t\u00eb publikuara nga e p\u00ebrjavshmja e lajmeve HVG n\u00eb mes t\u00eb marsit, 68% e votuesve kan\u00eb d\u00ebgjuar p\u00ebr hyrjen e Magyarit n\u00eb fush\u00ebn politike dhe 13% e tyre than\u00eb se kishin t\u00eb ngjar\u00eb t\u00eb mb\u00ebshtesnin partin\u00eb e tij.<\/p>\n<p>The post <a rel=\"nofollow\" href=\"https:\/\/albanianpost.com\/dhjetera-mijera-protestojne-ne-hungari-kunder-qeverise-se-viktor-orban\/\">Dhjet\u00ebra mij\u00ebra protestojn\u00eb n\u00eb Hungari kund\u00ebr qeveris\u00eb s\u00eb Viktor Orban<\/a> appeared first on <a rel=\"nofollow\" href=\"https:\/\/albanianpost.com\/\">Albanian Post<\/a>.<\/p>\n","protected":false},"excerpt":{"rendered":"<p>Dhjet\u00ebra mij\u00ebra njer\u00ebz kan\u00eb dal\u00eb n\u00eb qend\u00ebr t\u00eb Budapestit p\u00ebr t\u00eb protestuar kund\u00ebr qeveris\u00eb s\u00eb Viktor Orban. Protestuesit marshuan drejt parlamentit n\u00eb motin jasht\u00ebzakonisht t\u00eb ngroht\u00eb t\u00eb pranver\u00ebs, disa prej tyre duke b\u00ebrtitur \u201cNuk kemi frik\u00eb\u201d dhe \u201cOrb\u00e1n, jep dor\u00ebheqjen\u201d. Shum\u00eb prej tyre mbanin flamurin hungarez ose mbanin veshje n\u00eb ngjyrat e tij t\u00eb kuqe, [&hellip;]<\/p>\n","protected":false},"author":1,"featured_media":771,"comment_status":"open","ping_status":"open","sticky":false,"template":"","format":"standard","meta":{"footnotes":""},"categories":[1],"tags":[],"class_list":["post-770","post","type-post","status-publish","format-standard","has-post-thumbnail","hentry","category-uncategorized"],"_links":{"self":[{"href":"https:\/\/radiogjilani.com\/index.php\/wp-json\/wp\/v2\/posts\/770","targetHints":{"allow":["GET"]}}],"collection":[{"href":"https:\/\/radiogjilani.com\/index.php\/wp-json\/wp\/v2\/posts"}],"about":[{"href":"https:\/\/radiogjilani.com\/index.php\/wp-json\/wp\/v2\/types\/post"}],"author":[{"embeddable":true,"href":"https:\/\/radiogjilani.com\/index.php\/wp-json\/wp\/v2\/users\/1"}],"replies":[{"embeddable":true,"href":"https:\/\/radiogjilani.com\/index.php\/wp-json\/wp\/v2\/comments?post=770"}],"version-history":[{"count":0,"href":"https:\/\/radiogjilani.com\/index.php\/wp-json\/wp\/v2\/posts\/770\/revisions"}],"wp:featuredmedia":[{"embeddable":true,"href":"https:\/\/radiogjilani.com\/index.php\/wp-json\/wp\/v2\/media\/771"}],"wp:attachment":[{"href":"https:\/\/radiogjilani.com\/index.php\/wp-json\/wp\/v2\/media?parent=770"}],"wp:term":[{"taxonomy":"category","embeddable":true,"href":"https:\/\/radiogjilani.com\/index.php\/wp-json\/wp\/v2\/categories?post=770"},{"taxonomy":"post_tag","embeddable":true,"href":"https:\/\/radiogjilani.com\/index.php\/wp-json\/wp\/v2\/tags?post=770"}],"curies":[{"name":"wp","href":"https:\/\/api.w.org\/{rel}","templated":true}]}}