{"id":7700,"date":"2024-08-10T13:19:14","date_gmt":"2024-08-10T13:19:14","guid":{"rendered":"https:\/\/radiogjilani.com\/index.php\/2024\/08\/10\/aak-ja-e-perkushtuar-per-krijimin-e-kushteve-qe-diaspora-te-mund-te-investoje-ne-kosove-thote-haradinaj\/"},"modified":"2024-08-10T13:19:14","modified_gmt":"2024-08-10T13:19:14","slug":"aak-ja-e-perkushtuar-per-krijimin-e-kushteve-qe-diaspora-te-mund-te-investoje-ne-kosove-thote-haradinaj","status":"publish","type":"post","link":"https:\/\/radiogjilani.com\/index.php\/2024\/08\/10\/aak-ja-e-perkushtuar-per-krijimin-e-kushteve-qe-diaspora-te-mund-te-investoje-ne-kosove-thote-haradinaj\/","title":{"rendered":"AAK-ja e p\u00ebrkushtuar p\u00ebr krijimin e kushteve q\u00eb diaspora t\u00eb mund t\u00eb investoj\u00eb n\u00eb Kosov\u00eb, thot\u00eb Haradinaj"},"content":{"rendered":"<p>Kryetari i Aleanc\u00ebs p\u00ebr Ardhm\u00ebrin\u00eb e Kosov\u00ebs, Ramush Haradinaj, ka potencuar se partia t\u00eb cil\u00ebn ai e drejton \u00ebsht\u00eb e p\u00ebrkushtuar p\u00ebr krijimin e kushteve t\u00eb favorshme q\u00eb diaspora t\u00eb mund t\u00eb investoj\u00eb n\u00eb Kosov\u00ebs.<\/p>\n<p>\u201cAleanca \u00ebsht\u00eb e hapur p\u00ebr bashkatdhetar\u00ebt dhe e gatshme si gjithmon\u00eb p\u00ebr t\u00eb qen\u00eb n\u00eb mb\u00ebshtetje t\u00eb tyre p\u00ebr \u00e7far\u00ebdo q\u00eb ata kan\u00eb nevoj\u00eb\u201d, ka shkruar ai n\u00eb platform\u00ebn sociale, Facebook.<\/p>\n<p>Haradinaj nd\u00ebr t\u00eb tjera ka njoftuar se gjat\u00eb muajve t\u00eb fundit ka arritur t\u00eb takoj shum\u00eb bashkatdhetar t\u00eb cil\u00ebt i ka p\u00ebrg\u00ebzuar p\u00ebr \u201cpun\u00ebn e palodhshme q\u00eb jan\u00eb duke b\u00ebr\u00eb p\u00ebr shqiptar\u00ebt n\u00eb diaspor\u00eb dhe p\u00ebr fuqizimin e Aleanc\u00ebs atje\u201d.<\/p>\n<p>Ndryshe edhe Qeveria e Kosov\u00ebs mori vendim p\u00ebr subvencionimin e polic\u00ebs kufitare p\u00ebr m\u00ebrgat\u00ebn.<\/p>\n<p>\t\t<i><\/i><ins data-dcm-landing-page-escapes=\"0\" data-dcm-click-tracker=\"https:\/\/track.adform.net\/C\/?bn=73199340;adfibeg=0;cdata=wY0ZHC8ypbQniOq3Sj8hschgQeJ3VY4zU1bO9ulaUP_iCMviXuI_n4RPYRHBxkqVPVtGasWBO2DsQ97SqeB3vafpodL8HlhSS5QNXFy9YSXxjmdMEY9WqD7eKsUQLet9dO-UMsCLM2opnkTpCdy6-w2;;CREFURL=https%3a%2f%2feuro-pixel.com%2ftest.php;C=1;cpdir=\" class=\"dcmads\" data-dcm-placement=\"N571601.4773204ALBANIANPOST.COM\/B32392692.399829096\" data-dcm-rendering-mode=\"iframe\" data-dcm-https-only=\"\" data-dcm-api-frameworks=\"[APIFRAMEWORKS]\" data-dcm-omid-partner=\"[OMIDPARTNER]\" data-dcm-gdpr-applies=\"gdpr=\" data-dcm-gdpr-consent=\"gdpr_consent=\" data-dcm-addtl-consent=\"addtl_consent=${ADDTL_CONSENT}\" data-dcm-ltd=\"false\" data-dcm-resettable-device-id=\"\" data-dcm-app-id=\"\" data-dcm-processed=\"y\"><\/p>\n<p>\t\t<\/ins><\/p>\n<p>Kryeministri i Kosov\u00ebs, Albin Kurti, n\u00eb njoftimin e tij p\u00ebr lirimin nga kjo pages\u00eb, ka th\u00ebn\u00eb se Kosova e pret diaspor\u00ebn \u201cme krah hapur dhe zemr\u00ebn plot\u201d.<\/p>\n<p>\u201cSi \u00e7do ver\u00eb, e p\u00ebrher\u00eb, Kosova ju pret me krah\u00eb t\u2019hapur dhe zemr\u00ebn plot. Ju q\u00eb do t\u00eb vini me automjete, nga e h\u00ebna mund t\u00eb merrni falas polic\u00ebn e sigurimit me vlefshm\u00ebri nj\u00eb muaj, n\u00eb cil\u00ebndo prej pikave kufitare hyr\u00ebse\u201d, ka shkruar Kurti n\u00eb Facebook.<\/p>\n<p>The post <a rel=\"nofollow\" href=\"https:\/\/albanianpost.com\/aak-ja-e-perkushtuar-per-krijimin-e-kushteve-qe-diaspora-te-mund-te-investoje-ne-kosove-thote-haradinaj\/\">AAK-ja e p\u00ebrkushtuar p\u00ebr krijimin e kushteve q\u00eb diaspora t\u00eb mund t\u00eb investoj\u00eb n\u00eb Kosov\u00eb, thot\u00eb Haradinaj<\/a> appeared first on <a rel=\"nofollow\" href=\"https:\/\/albanianpost.com\/\">Albanian Post<\/a>.<\/p>\n","protected":false},"excerpt":{"rendered":"<p>Kryetari i Aleanc\u00ebs p\u00ebr Ardhm\u00ebrin\u00eb e Kosov\u00ebs, Ramush Haradinaj, ka potencuar se partia t\u00eb cil\u00ebn ai e drejton \u00ebsht\u00eb e p\u00ebrkushtuar p\u00ebr krijimin e kushteve t\u00eb favorshme q\u00eb diaspora t\u00eb mund t\u00eb investoj\u00eb n\u00eb Kosov\u00ebs. \u201cAleanca \u00ebsht\u00eb e hapur p\u00ebr bashkatdhetar\u00ebt dhe e gatshme si gjithmon\u00eb p\u00ebr t\u00eb qen\u00eb n\u00eb mb\u00ebshtetje t\u00eb tyre p\u00ebr \u00e7far\u00ebdo [&hellip;]<\/p>\n","protected":false},"author":1,"featured_media":7701,"comment_status":"open","ping_status":"open","sticky":false,"template":"","format":"standard","meta":{"footnotes":""},"categories":[1],"tags":[],"class_list":["post-7700","post","type-post","status-publish","format-standard","has-post-thumbnail","hentry","category-uncategorized"],"_links":{"self":[{"href":"https:\/\/radiogjilani.com\/index.php\/wp-json\/wp\/v2\/posts\/7700","targetHints":{"allow":["GET"]}}],"collection":[{"href":"https:\/\/radiogjilani.com\/index.php\/wp-json\/wp\/v2\/posts"}],"about":[{"href":"https:\/\/radiogjilani.com\/index.php\/wp-json\/wp\/v2\/types\/post"}],"author":[{"embeddable":true,"href":"https:\/\/radiogjilani.com\/index.php\/wp-json\/wp\/v2\/users\/1"}],"replies":[{"embeddable":true,"href":"https:\/\/radiogjilani.com\/index.php\/wp-json\/wp\/v2\/comments?post=7700"}],"version-history":[{"count":0,"href":"https:\/\/radiogjilani.com\/index.php\/wp-json\/wp\/v2\/posts\/7700\/revisions"}],"wp:featuredmedia":[{"embeddable":true,"href":"https:\/\/radiogjilani.com\/index.php\/wp-json\/wp\/v2\/media\/7701"}],"wp:attachment":[{"href":"https:\/\/radiogjilani.com\/index.php\/wp-json\/wp\/v2\/media?parent=7700"}],"wp:term":[{"taxonomy":"category","embeddable":true,"href":"https:\/\/radiogjilani.com\/index.php\/wp-json\/wp\/v2\/categories?post=7700"},{"taxonomy":"post_tag","embeddable":true,"href":"https:\/\/radiogjilani.com\/index.php\/wp-json\/wp\/v2\/tags?post=7700"}],"curies":[{"name":"wp","href":"https:\/\/api.w.org\/{rel}","templated":true}]}}