{"id":772,"date":"2024-04-06T18:57:31","date_gmt":"2024-04-06T18:57:31","guid":{"rendered":"https:\/\/radiogjilani.com\/index.php\/2024\/04\/06\/kremlini-mohon-pretendimet-e-macron-se-rusia-do-te-prishe-lojerat-olimpike\/"},"modified":"2024-04-06T18:57:31","modified_gmt":"2024-04-06T18:57:31","slug":"kremlini-mohon-pretendimet-e-macron-se-rusia-do-te-prishe-lojerat-olimpike","status":"publish","type":"post","link":"https:\/\/radiogjilani.com\/index.php\/2024\/04\/06\/kremlini-mohon-pretendimet-e-macron-se-rusia-do-te-prishe-lojerat-olimpike\/","title":{"rendered":"Kremlini mohon pretendimet e Macron se Rusia do t\u00eb prish\u00eb Loj\u00ebrat Olimpike"},"content":{"rendered":"<p>Kremlini denoncoi si \u201ct\u00eb papranueshme\u201d pretendimet e presidentit francez, Emmanuel Macron se Rusia po p\u00ebrpiqej t\u00eb minonte Loj\u00ebrat Olimpike t\u00eb Parisit p\u00ebrmes nj\u00eb fushate dezinformimi.<\/p>\n<p>Macron tha t\u00eb enjten se Moska po p\u00ebrpiqej t\u00eb promovonte narrativ\u00ebn se Franca ishte e paaft\u00eb p\u00ebr t\u00eb pritur Loj\u00ebrat dhe se ngjarja do t\u00eb ishte nj\u00eb rrezik.<\/p>\n<p>Presidenti francez Macron paralajm\u00ebroi t\u00eb enjten e kaluar p\u00ebr rrezikun e dezinformimit rus gjat\u00eb Olimpiad\u00ebs s\u00eb Parisit, duke th\u00ebn\u00eb se vendi i tij ishte gati p\u00ebr sfid\u00ebn.<\/p>\n<p>\u201cNuk dyshoj\u201d se Loj\u00ebrat do t\u00eb jen\u00eb n\u00eb sh\u00ebnjest\u00ebr t\u00eb Rusis\u00eb, \u201cp\u00ebrfshir\u00eb n\u00eb fush\u00ebn e informacionit\u201d, tha Macron n\u00eb inaugurimin e Qendr\u00ebs Ujore, objekti m\u00eb i madh sportiv i nd\u00ebrtuar p\u00ebr Loj\u00ebrat Olimpike t\u00eb ver\u00ebs s\u00eb ardhshme.<\/p>\n<p>\u201cK\u00ebto jan\u00eb akuza krejt\u00ebsisht t\u00eb pabaza\u201d, u tha gazetar\u00ebve t\u00eb premten z\u00ebdh\u00ebn\u00ebsi i Kremlinit Dmitry Peskov. Ai tha se ishte \u201csjellje absolutisht e papranueshme\u201d dhe karakteristik\u00eb e akuzave per\u00ebndimore q\u00eb \u201ckurr\u00eb nuk mb\u00ebshteten nga prova adekuate\u201d.<\/p>\n<p>Per\u00ebndimi ka akuzuar prej koh\u00ebsh Rusin\u00eb p\u00ebr drejtimin e fushatave dezinformuese dhe p\u00ebrpjekjen p\u00ebr t\u00eb mbjell\u00eb mosmarr\u00ebveshje, ve\u00e7an\u00ebrisht n\u00eb mediat online.<\/p>\n<p>N\u00eb muajt e fundit, Parisi ka akuzuar gjithashtu Rusin\u00eb se po p\u00ebrpiqet t\u00eb manipuloj\u00eb opinionin publik mbi konfliktin e Ukrain\u00ebs duke v\u00ebrshuar mediat sociale dhe mediat pro-Kremlinit me narrativa q\u00eb k\u00ebrkojn\u00eb t\u00eb justifikojn\u00eb ofensiv\u00ebn e saj.<\/p>\n<p>Ngjarja m\u00eb e pritur me padurim n\u00eb bot\u00eb po zhvillohet n\u00eb nj\u00eb kontekst kompleks global. Lufta e Rusis\u00eb n\u00eb Ukrain\u00eb dhe konflikti midis Izraelit dhe Hamas-it n\u00eb Gaza po nd\u00ebrlikojn\u00eb p\u00ebrpjekjet p\u00ebr t\u00eb siguruar Loj\u00ebrat Olimpike, t\u00eb cilat do t\u00eb mbahen n\u00eb Franc\u00eb nga 26 korriku deri m\u00eb 8 shtator dhe pritet t\u00eb t\u00ebrheqin t\u00eb pakt\u00ebn 10 milion\u00eb spektator\u00eb.<\/p>\n<blockquote class=\"wp-embedded-content\" data-secret=\"icIXTh5uCc\">\n<p><a href=\"https:\/\/albanianpost.com\/macron-thote-se-rusia-do-te-synoje-olimpiaden-e-parisit\/\">Macron thot\u00eb se Rusia do t\u00eb synoj\u00eb Olimpiad\u00ebn e Parisit<\/a><\/p>\n<\/blockquote>\n<p>The post <a rel=\"nofollow\" href=\"https:\/\/albanianpost.com\/kremlini-mohon-pretendimet-e-macron-se-rusia-do-te-prishe-lojerat-olimpike\/\">Kremlini mohon pretendimet e Macron se Rusia do t\u00eb prish\u00eb Loj\u00ebrat Olimpike<\/a> appeared first on <a rel=\"nofollow\" href=\"https:\/\/albanianpost.com\/\">Albanian Post<\/a>.<\/p>\n","protected":false},"excerpt":{"rendered":"<p>Kremlini denoncoi si \u201ct\u00eb papranueshme\u201d pretendimet e presidentit francez, Emmanuel Macron se Rusia po p\u00ebrpiqej t\u00eb minonte Loj\u00ebrat Olimpike t\u00eb Parisit p\u00ebrmes nj\u00eb fushate dezinformimi. Macron tha t\u00eb enjten se Moska po p\u00ebrpiqej t\u00eb promovonte narrativ\u00ebn se Franca ishte e paaft\u00eb p\u00ebr t\u00eb pritur Loj\u00ebrat dhe se ngjarja do t\u00eb ishte nj\u00eb rrezik. Presidenti francez [&hellip;]<\/p>\n","protected":false},"author":1,"featured_media":773,"comment_status":"open","ping_status":"open","sticky":false,"template":"","format":"standard","meta":{"footnotes":""},"categories":[1],"tags":[],"class_list":["post-772","post","type-post","status-publish","format-standard","has-post-thumbnail","hentry","category-uncategorized"],"_links":{"self":[{"href":"https:\/\/radiogjilani.com\/index.php\/wp-json\/wp\/v2\/posts\/772","targetHints":{"allow":["GET"]}}],"collection":[{"href":"https:\/\/radiogjilani.com\/index.php\/wp-json\/wp\/v2\/posts"}],"about":[{"href":"https:\/\/radiogjilani.com\/index.php\/wp-json\/wp\/v2\/types\/post"}],"author":[{"embeddable":true,"href":"https:\/\/radiogjilani.com\/index.php\/wp-json\/wp\/v2\/users\/1"}],"replies":[{"embeddable":true,"href":"https:\/\/radiogjilani.com\/index.php\/wp-json\/wp\/v2\/comments?post=772"}],"version-history":[{"count":0,"href":"https:\/\/radiogjilani.com\/index.php\/wp-json\/wp\/v2\/posts\/772\/revisions"}],"wp:featuredmedia":[{"embeddable":true,"href":"https:\/\/radiogjilani.com\/index.php\/wp-json\/wp\/v2\/media\/773"}],"wp:attachment":[{"href":"https:\/\/radiogjilani.com\/index.php\/wp-json\/wp\/v2\/media?parent=772"}],"wp:term":[{"taxonomy":"category","embeddable":true,"href":"https:\/\/radiogjilani.com\/index.php\/wp-json\/wp\/v2\/categories?post=772"},{"taxonomy":"post_tag","embeddable":true,"href":"https:\/\/radiogjilani.com\/index.php\/wp-json\/wp\/v2\/tags?post=772"}],"curies":[{"name":"wp","href":"https:\/\/api.w.org\/{rel}","templated":true}]}}