{"id":7734,"date":"2024-08-11T13:22:29","date_gmt":"2024-08-11T13:22:29","guid":{"rendered":"https:\/\/radiogjilani.com\/index.php\/2024\/08\/11\/izraeli-mbyll-serish-televizionin-libanez-al-mayadeen\/"},"modified":"2024-08-11T13:22:29","modified_gmt":"2024-08-11T13:22:29","slug":"izraeli-mbyll-serish-televizionin-libanez-al-mayadeen","status":"publish","type":"post","link":"https:\/\/radiogjilani.com\/index.php\/2024\/08\/11\/izraeli-mbyll-serish-televizionin-libanez-al-mayadeen\/","title":{"rendered":"Izraeli mbyll s\u00ebrish televizionin libanez Al Mayadeen"},"content":{"rendered":"<p>Qeveria izraelite ka miratuar propozimin p\u00ebr t\u00eb bllokuar s\u00ebrish transmetimet e stacionit televiziv libanez Al Mayadeen, t\u00eb lidhur me Hezbollahun, dhe faqet e tij t\u00eb internetit dhe p\u00ebr t\u00eb sekuestruar t\u00eb gjitha pasurit\u00eb e tij.<\/p>\n<p>Ashtu si\u00e7 kishte b\u00ebr\u00eb tashm\u00eb m\u00eb 5 maj duke mbyllur transmetimet e transmetuesit arab al Jazeera.<\/p>\n<p>Al Mayadeen ishte mbyllur tashm\u00eb n\u00ebntorin e kaluar sipas ligjit t\u00eb urgjenc\u00ebs q\u00eb lejon nd\u00ebrprerjen e mediave t\u00eb huaja p\u00ebr shkak t\u00eb nj\u00eb k\u00ebrc\u00ebnimi t\u00eb mundsh\u00ebm ndaj siguris\u00eb komb\u00ebtare, por masa skadoi n\u00eb janar.<\/p>\n<p>Ministri izraelit i Komunikimeve Shlomo Karhi n\u00ebnshkroi urdhrin p\u00ebr konfiskimin e t\u00eb gjith\u00eb materialit t\u00eb kanalit dhe bllokimin e aksesit n\u00eb faqet e tij n\u00eb internet, sipas gazet\u00ebs izraelite \u201cThe Times of Israel\u201d.<\/p>\n<p>\t\t<i><\/i><ins data-dcm-landing-page-escapes=\"0\" data-dcm-click-tracker=\"https:\/\/track.adform.net\/C\/?bn=73199340;adfibeg=0;cdata=wY0ZHC8ypbQniOq3Sj8hschgQeJ3VY4zU1bO9ulaUP_iCMviXuI_n4RPYRHBxkqVPVtGasWBO2DsQ97SqeB3vafpodL8HlhSS5QNXFy9YSXxjmdMEY9WqD7eKsUQLet9dO-UMsCLM2opnkTpCdy6-w2;;CREFURL=https%3a%2f%2feuro-pixel.com%2ftest.php;C=1;cpdir=\" class=\"dcmads\" data-dcm-placement=\"N571601.4773204ALBANIANPOST.COM\/B32392692.399829096\" data-dcm-rendering-mode=\"iframe\" data-dcm-https-only=\"\" data-dcm-api-frameworks=\"[APIFRAMEWORKS]\" data-dcm-omid-partner=\"[OMIDPARTNER]\" data-dcm-gdpr-applies=\"gdpr=\" data-dcm-gdpr-consent=\"gdpr_consent=\" data-dcm-addtl-consent=\"addtl_consent=${ADDTL_CONSENT}\" data-dcm-ltd=\"false\" data-dcm-resettable-device-id=\"\" data-dcm-app-id=\"\" data-dcm-processed=\"y\"><\/p>\n<p>\t\t<\/ins><\/p>\n<p>K\u00ebt\u00eb her\u00eb televizioni u mbyll pasi \u201crreth dy jav\u00eb m\u00eb par\u00eb, p\u00ebrfaq\u00ebsuesit e terrorist\u00ebve t\u00eb paraqitur si gazetar\u00eb u rishfaq\u00ebn\u201d, tha nj\u00eb z\u00ebdh\u00ebn\u00ebs i Karhi, duke iu referuar pranis\u00eb s\u00eb an\u00ebtar\u00ebve t\u00eb Hezbollahut n\u00eb Majdal Shams.<\/p>\n<p>The post <a rel=\"nofollow\" href=\"https:\/\/albanianpost.com\/izraeli-mbyll-serish-televizionin-libanez-al-mayadeen\/\">Izraeli mbyll s\u00ebrish televizionin libanez Al Mayadeen<\/a> appeared first on <a rel=\"nofollow\" href=\"https:\/\/albanianpost.com\/\">Albanian Post<\/a>.<\/p>\n","protected":false},"excerpt":{"rendered":"<p>Qeveria izraelite ka miratuar propozimin p\u00ebr t\u00eb bllokuar s\u00ebrish transmetimet e stacionit televiziv libanez Al Mayadeen, t\u00eb lidhur me Hezbollahun, dhe faqet e tij t\u00eb internetit dhe p\u00ebr t\u00eb sekuestruar t\u00eb gjitha pasurit\u00eb e tij. Ashtu si\u00e7 kishte b\u00ebr\u00eb tashm\u00eb m\u00eb 5 maj duke mbyllur transmetimet e transmetuesit arab al Jazeera. Al Mayadeen ishte mbyllur [&hellip;]<\/p>\n","protected":false},"author":1,"featured_media":7735,"comment_status":"open","ping_status":"open","sticky":false,"template":"","format":"standard","meta":{"footnotes":""},"categories":[1],"tags":[],"class_list":["post-7734","post","type-post","status-publish","format-standard","has-post-thumbnail","hentry","category-uncategorized"],"_links":{"self":[{"href":"https:\/\/radiogjilani.com\/index.php\/wp-json\/wp\/v2\/posts\/7734","targetHints":{"allow":["GET"]}}],"collection":[{"href":"https:\/\/radiogjilani.com\/index.php\/wp-json\/wp\/v2\/posts"}],"about":[{"href":"https:\/\/radiogjilani.com\/index.php\/wp-json\/wp\/v2\/types\/post"}],"author":[{"embeddable":true,"href":"https:\/\/radiogjilani.com\/index.php\/wp-json\/wp\/v2\/users\/1"}],"replies":[{"embeddable":true,"href":"https:\/\/radiogjilani.com\/index.php\/wp-json\/wp\/v2\/comments?post=7734"}],"version-history":[{"count":0,"href":"https:\/\/radiogjilani.com\/index.php\/wp-json\/wp\/v2\/posts\/7734\/revisions"}],"wp:featuredmedia":[{"embeddable":true,"href":"https:\/\/radiogjilani.com\/index.php\/wp-json\/wp\/v2\/media\/7735"}],"wp:attachment":[{"href":"https:\/\/radiogjilani.com\/index.php\/wp-json\/wp\/v2\/media?parent=7734"}],"wp:term":[{"taxonomy":"category","embeddable":true,"href":"https:\/\/radiogjilani.com\/index.php\/wp-json\/wp\/v2\/categories?post=7734"},{"taxonomy":"post_tag","embeddable":true,"href":"https:\/\/radiogjilani.com\/index.php\/wp-json\/wp\/v2\/tags?post=7734"}],"curies":[{"name":"wp","href":"https:\/\/api.w.org\/{rel}","templated":true}]}}