{"id":7750,"date":"2024-08-11T13:22:21","date_gmt":"2024-08-11T13:22:21","guid":{"rendered":"https:\/\/radiogjilani.com\/index.php\/2024\/08\/11\/vucic-pretendon-se-ura-e-ibrit-do-te-hapet-dhunshem-me-14-ose-15-gusht\/"},"modified":"2024-08-11T13:22:21","modified_gmt":"2024-08-11T13:22:21","slug":"vucic-pretendon-se-ura-e-ibrit-do-te-hapet-dhunshem-me-14-ose-15-gusht","status":"publish","type":"post","link":"https:\/\/radiogjilani.com\/index.php\/2024\/08\/11\/vucic-pretendon-se-ura-e-ibrit-do-te-hapet-dhunshem-me-14-ose-15-gusht\/","title":{"rendered":"Vu\u00e7i\u00e7 pretendon se Ura e Ibrit do t\u00eb \u201chapet dhunsh\u00ebm\u201d m\u00eb 14 ose 15 gusht"},"content":{"rendered":"<p>Presidenti i Serbis\u00eb, Aleksand\u00ebr Vu\u00e7i\u00e7, n\u00eb nj\u00eb konferenc\u00eb p\u00ebr shtyp, ka th\u00ebn\u00eb se pret q\u00eb ura mbi lumin Ib\u00ebr t\u00eb \u201chapet dhunsh\u00ebm\u201d m\u00eb 14 ose 15 gusht, derisa ka pretenduar nj\u00ebkoh\u00ebsisht se p\u00ebr hapjen e ur\u00ebs do t\u00eb angazhohen edhe \u201cagjencit\u00eb e huaja\u201d per\u00ebndimore, duke mos ofruar asnj\u00eb prov\u00eb p\u00ebr k\u00ebt\u00eb.<\/p>\n<p>\u201cM\u00eb 14 apo 15 gusht pres hapjen e dhunshme t\u00eb ur\u00ebs, aty do t\u00eb angazhohen edhe agjencit\u00eb e huaja\u201d, ka deklaruar ai, duke shtuar se \u201clider\u00ebt e rinj\u201d serb\u00eb, q\u00eb sipas tij, do t\u00eb instalohen n\u00eb Kosov\u00eb, do t\u2019i p\u00ebrgjigjen kryeministrit kosovar, Albin Kurti, ka transmetuar agjencia serbe e lajme \u201c<a href=\"https:\/\/www.b92.net\/info\/politika\/48301\/vucic-ocekujem-nerede-na-kim-nasilno-ce-otvoriti-most-na-ibru\/vest\">B92<\/a>\u201d t\u00eb diel\u00ebn.<\/p>\n<p>\u201cDo t\u00eb p\u00ebrpiqen t\u00eb instalojn\u00eb disa lider\u00eb t\u00eb rinj serb\u00eb, do t\u2019i potretizojn\u00eb si trima edhe pse nuk jan\u00eb, t\u00eb cil\u00ebt do t\u00eb mundohen t\u2019i ndajn\u00eb nga Beogradi dhe pastaj t\u00eb bien dakord me Kurtin se si t\u00eb b\u00ebhen sh\u00ebrb\u00ebtor\u00eb t\u00eb tij. M\u00eb lejoni t\u2019ju them menj\u00ebher\u00eb se nuk do t\u00eb funksionoj\u00eb\u201d, ka shtuar presidenti serb.<\/p>\n<p>Qeveria e Kosov\u00ebs ka paralajm\u00ebruar se ura mbi Ib\u00ebr, q\u00eb aktualisht ndan qytetatin e Mitrovic\u00ebs n\u00eb vija etnike, duhet t\u00eb hapet plot\u00ebsisht. Aktualisht, ajo \u00ebsht\u00eb e hapur p\u00ebr k\u00ebmb\u00ebsor\u00eb, por jo p\u00ebr automjete. Megjithat\u00eb, vendet e QUINT-it n\u00eb krye me Shtetet e Bashkuara t\u00eb Amerik\u00ebs (SHBA) kan\u00eb deklaruar se nuk e mb\u00ebshtesin hapjen e ur\u00ebs s\u00eb Ibrit n\u00eb k\u00ebt\u00eb moment.<\/p>\n<p>\t\t<i><\/i><ins data-dcm-landing-page-escapes=\"0\" data-dcm-click-tracker=\"https:\/\/track.adform.net\/C\/?bn=73199340;adfibeg=0;cdata=wY0ZHC8ypbQniOq3Sj8hschgQeJ3VY4zU1bO9ulaUP_iCMviXuI_n4RPYRHBxkqVPVtGasWBO2DsQ97SqeB3vafpodL8HlhSS5QNXFy9YSXxjmdMEY9WqD7eKsUQLet9dO-UMsCLM2opnkTpCdy6-w2;;CREFURL=https%3a%2f%2feuro-pixel.com%2ftest.php;C=1;cpdir=\" class=\"dcmads\" data-dcm-placement=\"N571601.4773204ALBANIANPOST.COM\/B32392692.399829096\" data-dcm-rendering-mode=\"iframe\" data-dcm-https-only=\"\" data-dcm-api-frameworks=\"[APIFRAMEWORKS]\" data-dcm-omid-partner=\"[OMIDPARTNER]\" data-dcm-gdpr-applies=\"gdpr=\" data-dcm-gdpr-consent=\"gdpr_consent=\" data-dcm-addtl-consent=\"addtl_consent=${ADDTL_CONSENT}\" data-dcm-ltd=\"false\" data-dcm-resettable-device-id=\"\" data-dcm-app-id=\"\" data-dcm-processed=\"y\"><\/p>\n<p>\t\t<\/ins><\/p>\n<p>Ndryshe, autoritetet kosovare ve\u00e7se kan\u00eb nisur t\u00eb kryejn\u00eb inspektime p\u00ebr hapjen e ur\u00ebs. Para hapjes s\u00eb ur\u00ebs kryesore mbi lumin Ib\u00ebr p\u00ebr qarkullimin e automjeteve, ekzekutivi kosovar synon t\u00eb testoj\u00eb \u201ckapacitetin mbajt\u00ebs t\u00eb struktur\u00ebs s\u00eb ur\u00ebs\u201d fillimisht. Kosova e Serbia jan\u00eb pajtuar p\u00ebr hapjen e ur\u00ebs n\u00eb kuad\u00ebr t\u00eb dialogut q\u00eb nd\u00ebrmjet\u00ebsohet nga Bashkimi Evropian (BE).<\/p>\n<p>The post <a rel=\"nofollow\" href=\"https:\/\/albanianpost.com\/vucici-pretendon-se-ura-e-ibrit-do-te-hapet-dhunshem-me-14-ose-15-gusht\/\">Vu\u00e7i\u00e7 pretendon se Ura e Ibrit do t\u00eb \u201chapet dhunsh\u00ebm\u201d m\u00eb 14 ose 15 gusht<\/a> appeared first on <a rel=\"nofollow\" href=\"https:\/\/albanianpost.com\/\">Albanian Post<\/a>.<\/p>\n","protected":false},"excerpt":{"rendered":"<p>Presidenti i Serbis\u00eb, Aleksand\u00ebr Vu\u00e7i\u00e7, n\u00eb nj\u00eb konferenc\u00eb p\u00ebr shtyp, ka th\u00ebn\u00eb se pret q\u00eb ura mbi lumin Ib\u00ebr t\u00eb \u201chapet dhunsh\u00ebm\u201d m\u00eb 14 ose 15 gusht, derisa ka pretenduar nj\u00ebkoh\u00ebsisht se p\u00ebr hapjen e ur\u00ebs do t\u00eb angazhohen edhe \u201cagjencit\u00eb e huaja\u201d per\u00ebndimore, duke mos ofruar asnj\u00eb prov\u00eb p\u00ebr k\u00ebt\u00eb. \u201cM\u00eb 14 apo 15 [&hellip;]<\/p>\n","protected":false},"author":1,"featured_media":7751,"comment_status":"open","ping_status":"open","sticky":false,"template":"","format":"standard","meta":{"footnotes":""},"categories":[1],"tags":[],"class_list":["post-7750","post","type-post","status-publish","format-standard","has-post-thumbnail","hentry","category-uncategorized"],"_links":{"self":[{"href":"https:\/\/radiogjilani.com\/index.php\/wp-json\/wp\/v2\/posts\/7750","targetHints":{"allow":["GET"]}}],"collection":[{"href":"https:\/\/radiogjilani.com\/index.php\/wp-json\/wp\/v2\/posts"}],"about":[{"href":"https:\/\/radiogjilani.com\/index.php\/wp-json\/wp\/v2\/types\/post"}],"author":[{"embeddable":true,"href":"https:\/\/radiogjilani.com\/index.php\/wp-json\/wp\/v2\/users\/1"}],"replies":[{"embeddable":true,"href":"https:\/\/radiogjilani.com\/index.php\/wp-json\/wp\/v2\/comments?post=7750"}],"version-history":[{"count":0,"href":"https:\/\/radiogjilani.com\/index.php\/wp-json\/wp\/v2\/posts\/7750\/revisions"}],"wp:featuredmedia":[{"embeddable":true,"href":"https:\/\/radiogjilani.com\/index.php\/wp-json\/wp\/v2\/media\/7751"}],"wp:attachment":[{"href":"https:\/\/radiogjilani.com\/index.php\/wp-json\/wp\/v2\/media?parent=7750"}],"wp:term":[{"taxonomy":"category","embeddable":true,"href":"https:\/\/radiogjilani.com\/index.php\/wp-json\/wp\/v2\/categories?post=7750"},{"taxonomy":"post_tag","embeddable":true,"href":"https:\/\/radiogjilani.com\/index.php\/wp-json\/wp\/v2\/tags?post=7750"}],"curies":[{"name":"wp","href":"https:\/\/api.w.org\/{rel}","templated":true}]}}