{"id":7772,"date":"2024-08-12T13:26:35","date_gmt":"2024-08-12T13:26:35","guid":{"rendered":"https:\/\/radiogjilani.com\/index.php\/2024\/08\/12\/pdk-sot-mban-konference-per-media\/"},"modified":"2024-08-12T13:26:35","modified_gmt":"2024-08-12T13:26:35","slug":"pdk-sot-mban-konference-per-media","status":"publish","type":"post","link":"https:\/\/radiogjilani.com\/index.php\/2024\/08\/12\/pdk-sot-mban-konference-per-media\/","title":{"rendered":"PDK sot mban konferenc\u00eb p\u00ebr media"},"content":{"rendered":"<p>Partia Demokratike e Kosov\u00ebs do t\u00eb mbaj\u00eb sot konferenc\u00eb p\u00ebr media. Konferenca do t\u00eb nis\u00eb n\u00eb ora 16:00, teksa nuk \u00ebsht\u00eb b\u00ebr\u00eb e ditur arsyeja. \u201cPartia Demokratike e Kosov\u00ebs mban sot konferenc\u00eb p\u00ebr media. Koha: 16:00. Vendi: Selia e PDK-s\u00eb\u201d, thuhet n\u00eb njoftim.<\/p>\n<p><a href=\"https:\/\/ekonomiaonline.com\/pdk-sot-mban-konference-per-media-2\/\" rel=\"nofollow\">Source<\/a><\/p>\n","protected":false},"excerpt":{"rendered":"<p>Partia Demokratike e Kosov\u00ebs do t\u00eb mbaj\u00eb sot konferenc\u00eb p\u00ebr media. Konferenca do t\u00eb nis\u00eb n\u00eb ora 16:00, teksa nuk \u00ebsht\u00eb b\u00ebr\u00eb e ditur arsyeja. \u201cPartia Demokratike e Kosov\u00ebs mban sot konferenc\u00eb p\u00ebr media. Koha: 16:00. Vendi: Selia e PDK-s\u00eb\u201d, thuhet n\u00eb njoftim. Source<\/p>\n","protected":false},"author":1,"featured_media":7773,"comment_status":"open","ping_status":"open","sticky":false,"template":"","format":"standard","meta":{"footnotes":""},"categories":[19],"tags":[],"class_list":["post-7772","post","type-post","status-publish","format-standard","has-post-thumbnail","hentry","category-eko"],"_links":{"self":[{"href":"https:\/\/radiogjilani.com\/index.php\/wp-json\/wp\/v2\/posts\/7772","targetHints":{"allow":["GET"]}}],"collection":[{"href":"https:\/\/radiogjilani.com\/index.php\/wp-json\/wp\/v2\/posts"}],"about":[{"href":"https:\/\/radiogjilani.com\/index.php\/wp-json\/wp\/v2\/types\/post"}],"author":[{"embeddable":true,"href":"https:\/\/radiogjilani.com\/index.php\/wp-json\/wp\/v2\/users\/1"}],"replies":[{"embeddable":true,"href":"https:\/\/radiogjilani.com\/index.php\/wp-json\/wp\/v2\/comments?post=7772"}],"version-history":[{"count":0,"href":"https:\/\/radiogjilani.com\/index.php\/wp-json\/wp\/v2\/posts\/7772\/revisions"}],"wp:featuredmedia":[{"embeddable":true,"href":"https:\/\/radiogjilani.com\/index.php\/wp-json\/wp\/v2\/media\/7773"}],"wp:attachment":[{"href":"https:\/\/radiogjilani.com\/index.php\/wp-json\/wp\/v2\/media?parent=7772"}],"wp:term":[{"taxonomy":"category","embeddable":true,"href":"https:\/\/radiogjilani.com\/index.php\/wp-json\/wp\/v2\/categories?post=7772"},{"taxonomy":"post_tag","embeddable":true,"href":"https:\/\/radiogjilani.com\/index.php\/wp-json\/wp\/v2\/tags?post=7772"}],"curies":[{"name":"wp","href":"https:\/\/api.w.org\/{rel}","templated":true}]}}